{"id":109303,"date":"2026-03-11T11:07:29","date_gmt":"2026-03-11T14:07:29","guid":{"rendered":"https:\/\/www.cordobatimes.com\/showup\/?p=109303"},"modified":"2026-03-11T11:07:29","modified_gmt":"2026-03-11T14:07:29","slug":"el-exnovio-de-luana-publico-un-descargo-de-seis-minutos-tras-el-escandalo-en-gran-hermano","status":"publish","type":"post","link":"https:\/\/www.cordobatimes.com\/showup\/espectaculos\/2026\/03\/11\/el-exnovio-de-luana-publico-un-descargo-de-seis-minutos-tras-el-escandalo-en-gran-hermano\/","title":{"rendered":"El exnovio de Luana public\u00f3 un descargo de seis minutos tras el esc\u00e1ndalo en Gran Hermano"},"content":{"rendered":"<h3 data-start=\"95\" data-end=\"395\"><strong>El conflicto entre <span class=\"hover:entity-accent entity-underline inline cursor-pointer align-baseline\"><span class=\"whitespace-normal\">Luana Fern\u00e1ndez<\/span><\/span> y su expareja\u00a0 Lucas Izzi lusigue sumando cap\u00edtulos fuera de la casa de <span class=\"hover:entity-accent entity-underline inline cursor-pointer align-baseline\"><span class=\"whitespace-normal\">Gran Hermano<\/span><\/span>. En las \u00faltimas horas, Lucas public\u00f3 un video de aproximadamente seis minutos en su cuenta de Instagram donde dio su versi\u00f3n de los hechos.<\/strong><\/h3>\n<p data-start=\"397\" data-end=\"608\">En el descargo, el joven asegur\u00f3 que el enfrentamiento que se vio en el reality no fue parte de ning\u00fan acuerdo ni algo armado por la producci\u00f3n. \u201cNada de lo que sucedi\u00f3 fue armado\u201d, afirm\u00f3 al comienzo del video.<\/p>\n<p data-start=\"610\" data-end=\"792\">Lucas tambi\u00e9n explic\u00f3 que decidi\u00f3 hablar p\u00fablicamente no por despecho, sino por situaciones que, seg\u00fan \u00e9l, descubri\u00f3 recientemente sobre la relaci\u00f3n que manten\u00eda con la participante.<\/p>\n<p data-start=\"794\" data-end=\"985\">\u201cTodo esto no lo hago por despecho. Todo esto se desencadena no por lo que pas\u00f3 en la casa, sino porque me enter\u00e9 de un mont\u00f3n de infidelidades que pasaron antes\u201d, expres\u00f3 durante el mensaje.<\/p>\n<p data-start=\"987\" data-end=\"1192\">El exnovio de la jugadora Lucas Izzi sostuvo que decidi\u00f3 contar su versi\u00f3n luego de la exposici\u00f3n medi\u00e1tica que gener\u00f3 la ruptura dentro del programa y el posterior cruce que mantuvieron durante el derecho a r\u00e9plica.<\/p>\n<p data-start=\"1194\" data-end=\"1449\" data-is-last-node=\"\" data-is-only-node=\"\">El video r\u00e1pidamente comenz\u00f3 a circular en redes sociales y volvi\u00f3 a instalar el conflicto en torno a la participante del reality, que ya hab\u00eda quedado en el centro de la pol\u00e9mica tras el fuerte cara a cara que protagoniz\u00f3 con su expareja durante la gala.<\/p>\n<div style=\"width: 480px;\" class=\"wp-video\"><video class=\"wp-video-shortcode\" id=\"video-109303-1\" width=\"480\" height=\"852\" preload=\"metadata\" controls=\"controls\"><source type=\"video\/mp4\" src=\"http:\/\/www.cordobatimes.com\/showup\/wp-content\/uploads\/2026\/03\/ssstwitter.com_1773236915220.mp4?_=1\" \/><a href=\"http:\/\/www.cordobatimes.com\/showup\/wp-content\/uploads\/2026\/03\/ssstwitter.com_1773236915220.mp4\">http:\/\/www.cordobatimes.com\/showup\/wp-content\/uploads\/2026\/03\/ssstwitter.com_1773236915220.mp4<\/a><\/video><\/div>\n","protected":false},"excerpt":{"rendered":"<p>El conflicto entre Luana Fern\u00e1ndez y su expareja\u00a0 Lucas Izzi lusigue sumando cap\u00edtulos fuera de la casa de Gran Hermano. En las \u00faltimas horas, Lucas public\u00f3 un video de aproximadamente seis minutos en su cuenta de Instagram donde dio su versi\u00f3n de los hechos. En el descargo, el joven asegur\u00f3 que el enfrentamiento que se [&hellip;]<\/p>\n","protected":false},"author":24,"featured_media":109306,"comment_status":"closed","ping_status":"closed","sticky":false,"template":"","format":"standard","meta":{"_seopress_robots_primary_cat":"none","_seopress_titles_title":"","_seopress_titles_desc":"","_seopress_robots_index":"","footnotes":""},"categories":[10],"tags":[42103,42096,42097,42104],"class_list":{"0":"post-109303","1":"post","2":"type-post","3":"status-publish","4":"format-standard","5":"has-post-thumbnail","7":"category-espectaculos","8":"tag-el-exnovio-de-luana","9":"tag-luana-fernandez","10":"tag-luana-fernandez-gran-hermano","11":"tag-luana-fernandez-lucas-izzi"},"_links":{"self":[{"href":"https:\/\/www.cordobatimes.com\/showup\/wp-json\/wp\/v2\/posts\/109303","targetHints":{"allow":["GET"]}}],"collection":[{"href":"https:\/\/www.cordobatimes.com\/showup\/wp-json\/wp\/v2\/posts"}],"about":[{"href":"https:\/\/www.cordobatimes.com\/showup\/wp-json\/wp\/v2\/types\/post"}],"author":[{"embeddable":true,"href":"https:\/\/www.cordobatimes.com\/showup\/wp-json\/wp\/v2\/users\/24"}],"replies":[{"embeddable":true,"href":"https:\/\/www.cordobatimes.com\/showup\/wp-json\/wp\/v2\/comments?post=109303"}],"version-history":[{"count":1,"href":"https:\/\/www.cordobatimes.com\/showup\/wp-json\/wp\/v2\/posts\/109303\/revisions"}],"predecessor-version":[{"id":109308,"href":"https:\/\/www.cordobatimes.com\/showup\/wp-json\/wp\/v2\/posts\/109303\/revisions\/109308"}],"wp:featuredmedia":[{"embeddable":true,"href":"https:\/\/www.cordobatimes.com\/showup\/wp-json\/wp\/v2\/media\/109306"}],"wp:attachment":[{"href":"https:\/\/www.cordobatimes.com\/showup\/wp-json\/wp\/v2\/media?parent=109303"}],"wp:term":[{"taxonomy":"category","embeddable":true,"href":"https:\/\/www.cordobatimes.com\/showup\/wp-json\/wp\/v2\/categories?post=109303"},{"taxonomy":"post_tag","embeddable":true,"href":"https:\/\/www.cordobatimes.com\/showup\/wp-json\/wp\/v2\/tags?post=109303"}],"curies":[{"name":"wp","href":"https:\/\/api.w.org\/{rel}","templated":true}]}}