{"id":109244,"date":"2026-03-10T11:01:42","date_gmt":"2026-03-10T14:01:42","guid":{"rendered":"https:\/\/www.cordobatimes.com\/showup\/?p=109244"},"modified":"2026-03-10T11:01:42","modified_gmt":"2026-03-10T14:01:42","slug":"gran-hermano-suma-el-derecho-a-replica-el-exnovio-de-luana-hablara-con-la-casa","status":"publish","type":"post","link":"https:\/\/www.cordobatimes.com\/showup\/tv\/2026\/03\/10\/gran-hermano-suma-el-derecho-a-replica-el-exnovio-de-luana-hablara-con-la-casa\/","title":{"rendered":"Gran Hermano suma el \u201cderecho a r\u00e9plica\u201d: el exnovio de Luana hablar\u00e1 con la casa"},"content":{"rendered":"<h3 data-start=\"166\" data-end=\"327\"><strong>La producci\u00f3n de <span class=\"hover:entity-accent entity-underline inline cursor-pointer align-baseline\"><span class=\"whitespace-normal\">Gran Hermano Argentina<\/span><\/span> anunci\u00f3 una nueva din\u00e1mica que promete generar tensi\u00f3n dentro del reality: el DAR (Derecho a R\u00e9plica).<\/strong><\/h3>\n<p data-start=\"329\" data-end=\"511\">El primero en utilizar esta herramienta ser\u00e1 <strong data-start=\"374\" data-end=\"407\">el exnovio de Luana Fern\u00e1ndez<\/strong>, quien <strong data-start=\"415\" data-end=\"455\">ingresar\u00e1 de forma virtual a la casa<\/strong> para dar su versi\u00f3n de lo ocurrido con la participante.<\/p>\n<p data-start=\"513\" data-end=\"887\">La decisi\u00f3n llega luego de que Luana sorprendiera al p\u00fablico al <strong data-start=\"577\" data-end=\"634\">terminar su relaci\u00f3n en pleno vivo dentro del reality<\/strong>, cuando le envi\u00f3 un mensaje a su pareja desde el streaming oficial del programa. La jugadora explic\u00f3 que necesitaba liberarse emocionalmente para poder vivir la experiencia dentro de la casa sin presiones externas.<\/p>\n<p data-start=\"889\" data-end=\"1113\">La situaci\u00f3n gener\u00f3 fuerte repercusi\u00f3n fuera del programa, ya que el joven se enter\u00f3 de la ruptura mientras miraba la transmisi\u00f3n del reality y luego expres\u00f3 su angustia por lo ocurrido.<\/p>\n<p data-start=\"1115\" data-end=\"1312\">Ahora, la producci\u00f3n decidi\u00f3 darle espacio para responder a lo sucedido. Su aparici\u00f3n ser\u00e1 <strong data-start=\"1206\" data-end=\"1239\">mediante una conexi\u00f3n virtual<\/strong>, donde podr\u00e1 dirigirse directamente a Luana y a los dem\u00e1s participantes.<\/p>\n<div style=\"width: 646px;\" class=\"wp-video\"><video class=\"wp-video-shortcode\" id=\"video-109244-1\" width=\"646\" height=\"360\" preload=\"metadata\" controls=\"controls\"><source type=\"video\/mp4\" src=\"http:\/\/www.cordobatimes.com\/showup\/wp-content\/uploads\/2026\/03\/ssstwitter.com_1773150843836.mp4?_=1\" \/><a href=\"http:\/\/www.cordobatimes.com\/showup\/wp-content\/uploads\/2026\/03\/ssstwitter.com_1773150843836.mp4\">http:\/\/www.cordobatimes.com\/showup\/wp-content\/uploads\/2026\/03\/ssstwitter.com_1773150843836.mp4<\/a><\/video><\/div>\n","protected":false},"excerpt":{"rendered":"<p>La producci\u00f3n de Gran Hermano Argentina anunci\u00f3 una nueva din\u00e1mica que promete generar tensi\u00f3n dentro del reality: el DAR (Derecho a R\u00e9plica). El primero en utilizar esta herramienta ser\u00e1 el exnovio de Luana Fern\u00e1ndez, quien ingresar\u00e1 de forma virtual a la casa para dar su versi\u00f3n de lo ocurrido con la participante. La decisi\u00f3n llega [&hellip;]<\/p>\n","protected":false},"author":24,"featured_media":109043,"comment_status":"closed","ping_status":"closed","sticky":false,"template":"","format":"standard","meta":{"_seopress_robots_primary_cat":"none","_seopress_titles_title":"","_seopress_titles_desc":"","_seopress_robots_index":"","footnotes":""},"categories":[2],"tags":[42087,41350,42086],"class_list":{"0":"post-109244","1":"post","2":"type-post","3":"status-publish","4":"format-standard","5":"has-post-thumbnail","7":"category-tv","8":"tag-derecho-a-replica","9":"tag-gran-hermano-generacion-dorada","10":"tag-gran-hermano-suma-el-derecho-a-replica"},"_links":{"self":[{"href":"https:\/\/www.cordobatimes.com\/showup\/wp-json\/wp\/v2\/posts\/109244","targetHints":{"allow":["GET"]}}],"collection":[{"href":"https:\/\/www.cordobatimes.com\/showup\/wp-json\/wp\/v2\/posts"}],"about":[{"href":"https:\/\/www.cordobatimes.com\/showup\/wp-json\/wp\/v2\/types\/post"}],"author":[{"embeddable":true,"href":"https:\/\/www.cordobatimes.com\/showup\/wp-json\/wp\/v2\/users\/24"}],"replies":[{"embeddable":true,"href":"https:\/\/www.cordobatimes.com\/showup\/wp-json\/wp\/v2\/comments?post=109244"}],"version-history":[{"count":1,"href":"https:\/\/www.cordobatimes.com\/showup\/wp-json\/wp\/v2\/posts\/109244\/revisions"}],"predecessor-version":[{"id":109248,"href":"https:\/\/www.cordobatimes.com\/showup\/wp-json\/wp\/v2\/posts\/109244\/revisions\/109248"}],"wp:featuredmedia":[{"embeddable":true,"href":"https:\/\/www.cordobatimes.com\/showup\/wp-json\/wp\/v2\/media\/109043"}],"wp:attachment":[{"href":"https:\/\/www.cordobatimes.com\/showup\/wp-json\/wp\/v2\/media?parent=109244"}],"wp:term":[{"taxonomy":"category","embeddable":true,"href":"https:\/\/www.cordobatimes.com\/showup\/wp-json\/wp\/v2\/categories?post=109244"},{"taxonomy":"post_tag","embeddable":true,"href":"https:\/\/www.cordobatimes.com\/showup\/wp-json\/wp\/v2\/tags?post=109244"}],"curies":[{"name":"wp","href":"https:\/\/api.w.org\/{rel}","templated":true}]}}