{"id":109226,"date":"2026-03-09T19:56:47","date_gmt":"2026-03-09T22:56:47","guid":{"rendered":"https:\/\/www.cordobatimes.com\/showup\/?p=109226"},"modified":"2026-03-09T19:56:47","modified_gmt":"2026-03-09T22:56:47","slug":"luciano-castro-rompio-el-silencio-pedi-ayuda-estoy-sanando-para-mi-y-para-mis-hijos","status":"publish","type":"post","link":"https:\/\/www.cordobatimes.com\/showup\/famosos\/2026\/03\/09\/luciano-castro-rompio-el-silencio-pedi-ayuda-estoy-sanando-para-mi-y-para-mis-hijos\/","title":{"rendered":"Luciano Castro rompi\u00f3 el silencio: \u201cPed\u00ed ayuda. Estoy sanando para m\u00ed y para mis hijos\u201d"},"content":{"rendered":"<h3 data-start=\"218\" data-end=\"420\"><strong>El actor <span class=\"whitespace-normal\">Luciano Castro<\/span> habl\u00f3 p\u00fablicamente por primera vez luego de haber estado internado durante 18 d\u00edas en un centro terap\u00e9utico para atravesar un dif\u00edcil momento personal.<\/strong><\/h3>\n<p data-start=\"422\" data-end=\"707\">Tras recibir el alta, el actor fue abordado por la prensa y confirm\u00f3 su internaci\u00f3n voluntaria. \u201cEstoy bien. Ped\u00ed ayuda y me dieron ayuda. Me intern\u00e9, es verdad\u201d, expres\u00f3 al referirse al proceso que decidi\u00f3 iniciar para mejorar su salud emocional.<\/p>\n<p data-start=\"709\" data-end=\"969\">Castro explic\u00f3 que atraves\u00f3 un per\u00edodo de profunda angustia y depresi\u00f3n, por lo que decidi\u00f3 recurrir a ayuda profesional. \u201cEs largo y es angustiante. Estuve muy deprimido, pero por suerte ped\u00ed ayuda y me ayudaron\u201d, afirm\u00f3.<\/p>\n<p data-start=\"971\" data-end=\"1222\">Seg\u00fan cont\u00f3, el motor principal para salir adelante son sus hijos. \u201cEstoy sanando para m\u00ed y para la gente que m\u00e1s amo, que son mis hijos\u201d, sostuvo el actor al describir el proceso que est\u00e1 atravesando actualmente.<\/p>\n<p data-start=\"1224\" data-end=\"1480\">La internaci\u00f3n se produjo en medio de un momento personal complejo marcado por su separaci\u00f3n de <strong data-start=\"1320\" data-end=\"1361\"><span class=\"whitespace-normal\">Griselda Siciliani<\/span><\/strong> y la exposici\u00f3n medi\u00e1tica que generaron distintos esc\u00e1ndalos en su vida privada.<\/p>\n<p data-start=\"1482\" data-end=\"1695\">Luego de recibir el alta, Castro retom\u00f3 sus compromisos laborales y continuar\u00e1 su recuperaci\u00f3n con tratamiento ambulatorio mientras sigue adelante con sus proyectos actorales.<\/p>\n<div style=\"width: 640px;\" class=\"wp-video\"><video class=\"wp-video-shortcode\" id=\"video-109226-1\" width=\"640\" height=\"360\" preload=\"metadata\" controls=\"controls\"><source type=\"video\/mp4\" src=\"http:\/\/www.cordobatimes.com\/showup\/wp-content\/uploads\/2026\/03\/ssstwitter.com_1773096034328.mp4?_=1\" \/><a href=\"http:\/\/www.cordobatimes.com\/showup\/wp-content\/uploads\/2026\/03\/ssstwitter.com_1773096034328.mp4\">http:\/\/www.cordobatimes.com\/showup\/wp-content\/uploads\/2026\/03\/ssstwitter.com_1773096034328.mp4<\/a><\/video><\/div>\n","protected":false},"excerpt":{"rendered":"<p>El actor Luciano Castro habl\u00f3 p\u00fablicamente por primera vez luego de haber estado internado durante 18 d\u00edas en un centro terap\u00e9utico para atravesar un dif\u00edcil momento personal. Tras recibir el alta, el actor fue abordado por la prensa y confirm\u00f3 su internaci\u00f3n voluntaria. \u201cEstoy bien. Ped\u00ed ayuda y me dieron ayuda. Me intern\u00e9, es verdad\u201d, [&hellip;]<\/p>\n","protected":false},"author":24,"featured_media":109229,"comment_status":"closed","ping_status":"closed","sticky":false,"template":"","format":"standard","meta":{"_seopress_robots_primary_cat":"none","_seopress_titles_title":"","_seopress_titles_desc":"","_seopress_robots_index":"","footnotes":""},"categories":[4],"tags":[934,42080,41689],"class_list":{"0":"post-109226","1":"post","2":"type-post","3":"status-publish","4":"format-standard","5":"has-post-thumbnail","7":"category-famosos","8":"tag-luciano-castro","9":"tag-luciano-castro-dado-de-alta","10":"tag-luciano-castro-internado"},"_links":{"self":[{"href":"https:\/\/www.cordobatimes.com\/showup\/wp-json\/wp\/v2\/posts\/109226","targetHints":{"allow":["GET"]}}],"collection":[{"href":"https:\/\/www.cordobatimes.com\/showup\/wp-json\/wp\/v2\/posts"}],"about":[{"href":"https:\/\/www.cordobatimes.com\/showup\/wp-json\/wp\/v2\/types\/post"}],"author":[{"embeddable":true,"href":"https:\/\/www.cordobatimes.com\/showup\/wp-json\/wp\/v2\/users\/24"}],"replies":[{"embeddable":true,"href":"https:\/\/www.cordobatimes.com\/showup\/wp-json\/wp\/v2\/comments?post=109226"}],"version-history":[{"count":1,"href":"https:\/\/www.cordobatimes.com\/showup\/wp-json\/wp\/v2\/posts\/109226\/revisions"}],"predecessor-version":[{"id":109231,"href":"https:\/\/www.cordobatimes.com\/showup\/wp-json\/wp\/v2\/posts\/109226\/revisions\/109231"}],"wp:featuredmedia":[{"embeddable":true,"href":"https:\/\/www.cordobatimes.com\/showup\/wp-json\/wp\/v2\/media\/109229"}],"wp:attachment":[{"href":"https:\/\/www.cordobatimes.com\/showup\/wp-json\/wp\/v2\/media?parent=109226"}],"wp:term":[{"taxonomy":"category","embeddable":true,"href":"https:\/\/www.cordobatimes.com\/showup\/wp-json\/wp\/v2\/categories?post=109226"},{"taxonomy":"post_tag","embeddable":true,"href":"https:\/\/www.cordobatimes.com\/showup\/wp-json\/wp\/v2\/tags?post=109226"}],"curies":[{"name":"wp","href":"https:\/\/api.w.org\/{rel}","templated":true}]}}