{"id":109196,"date":"2026-03-09T10:06:27","date_gmt":"2026-03-09T13:06:27","guid":{"rendered":"https:\/\/www.cordobatimes.com\/showup\/?p=109196"},"modified":"2026-03-09T10:06:27","modified_gmt":"2026-03-09T13:06:27","slug":"lola-latorre-quiso-definir-el-gentilicio-de-neuquen-en-pasapalabra-y-su-respuesta-se-volvio-viral","status":"publish","type":"post","link":"https:\/\/www.cordobatimes.com\/showup\/influencers\/2026\/03\/09\/lola-latorre-quiso-definir-el-gentilicio-de-neuquen-en-pasapalabra-y-su-respuesta-se-volvio-viral\/","title":{"rendered":"Lola Latorre quiso definir el gentilicio de Neuqu\u00e9n en Pasapalabra y su respuesta se volvi\u00f3 viral"},"content":{"rendered":"<h3 data-section-id=\"1nwjpfg\" data-start=\"202\" data-end=\"291\"><strong>La hija de Yanina Latorre sorprendi\u00f3 con una respuesta que gener\u00f3 comentarios en redes<\/strong><\/h3>\n<p data-start=\"293\" data-end=\"513\"><span class=\"hover:entity-accent entity-underline inline cursor-pointer align-baseline\"><span class=\"whitespace-normal\">Lola Latorre<\/span><\/span> protagoniz\u00f3 un momento que r\u00e1pidamente se viraliz\u00f3 durante su participaci\u00f3n en <span class=\"hover:entity-accent entity-underline inline cursor-pointer align-baseline\"><span class=\"whitespace-normal\">Pasapalabra<\/span><\/span>, el programa conducido por <span class=\"hover:entity-accent entity-underline inline cursor-pointer align-baseline\"><span class=\"whitespace-normal\">Iv\u00e1n de Pineda<\/span><\/span>.<\/p>\n<p data-start=\"515\" data-end=\"804\">Durante uno de los juegos del ciclo, los participantes deb\u00edan responder cu\u00e1l es el gentilicio de una persona nacida en la provincia de <span class=\"hover:entity-accent entity-underline inline cursor-pointer align-baseline\"><span class=\"whitespace-normal\">Neuqu\u00e9n<\/span><\/span>. Sin dudar, Lola respondi\u00f3 <strong data-start=\"715\" data-end=\"731\">\u201cneuquenino\u201d<\/strong>, lo que gener\u00f3 sorpresa tanto en el estudio como entre los televidentes.<\/p>\n<p data-start=\"806\" data-end=\"1011\">El detalle es que el gentilicio correcto es <strong data-start=\"850\" data-end=\"864\">\u201cneuquino\u201d<\/strong>, por lo que el error no tard\u00f3 en circular en redes sociales, donde muchos usuarios comentaron el blooper y compartieron el fragmento del programa.<\/p>\n<p data-start=\"1013\" data-end=\"1290\">No es la primera vez que la participaci\u00f3n de la influencer en el ciclo genera repercusi\u00f3n. En otra ocasi\u00f3n tambi\u00e9n hab\u00eda sido tema de conversaci\u00f3n cuando cont\u00f3 que <strong data-start=\"1177\" data-end=\"1218\">nunca hab\u00eda visto \u201cEl Chavo del Ocho\u201d<\/strong>, lo que despert\u00f3 reacciones entre los fan\u00e1ticos del cl\u00e1sico televisivo.<\/p>\n<div style=\"width: 640px;\" class=\"wp-video\"><video class=\"wp-video-shortcode\" id=\"video-109196-1\" width=\"640\" height=\"360\" preload=\"metadata\" controls=\"controls\"><source type=\"video\/mp4\" src=\"http:\/\/www.cordobatimes.com\/showup\/wp-content\/uploads\/2026\/03\/ssstwitter.com_1773060994160.mp4?_=1\" \/><a href=\"http:\/\/www.cordobatimes.com\/showup\/wp-content\/uploads\/2026\/03\/ssstwitter.com_1773060994160.mp4\">http:\/\/www.cordobatimes.com\/showup\/wp-content\/uploads\/2026\/03\/ssstwitter.com_1773060994160.mp4<\/a><\/video><\/div>\n","protected":false},"excerpt":{"rendered":"<p>La hija de Yanina Latorre sorprendi\u00f3 con una respuesta que gener\u00f3 comentarios en redes Lola Latorre protagoniz\u00f3 un momento que r\u00e1pidamente se viraliz\u00f3 durante su participaci\u00f3n en Pasapalabra, el programa conducido por Iv\u00e1n de Pineda. Durante uno de los juegos del ciclo, los participantes deb\u00edan responder cu\u00e1l es el gentilicio de una persona nacida en [&hellip;]<\/p>\n","protected":false},"author":24,"featured_media":109198,"comment_status":"closed","ping_status":"closed","sticky":false,"template":"","format":"standard","meta":{"_seopress_robots_primary_cat":"none","_seopress_titles_title":"","_seopress_titles_desc":"","_seopress_robots_index":"","footnotes":""},"categories":[23136],"tags":[42073,42072,42071],"class_list":{"0":"post-109196","1":"post","2":"type-post","3":"status-publish","4":"format-standard","5":"has-post-thumbnail","7":"category-influencers","8":"tag-lola-latorre-neuquenino","9":"tag-lola-latorre-pasapalabra","10":"tag-lola-latorre-quiso-definir-el-gentilicio-de-neuquen"},"_links":{"self":[{"href":"https:\/\/www.cordobatimes.com\/showup\/wp-json\/wp\/v2\/posts\/109196","targetHints":{"allow":["GET"]}}],"collection":[{"href":"https:\/\/www.cordobatimes.com\/showup\/wp-json\/wp\/v2\/posts"}],"about":[{"href":"https:\/\/www.cordobatimes.com\/showup\/wp-json\/wp\/v2\/types\/post"}],"author":[{"embeddable":true,"href":"https:\/\/www.cordobatimes.com\/showup\/wp-json\/wp\/v2\/users\/24"}],"replies":[{"embeddable":true,"href":"https:\/\/www.cordobatimes.com\/showup\/wp-json\/wp\/v2\/comments?post=109196"}],"version-history":[{"count":1,"href":"https:\/\/www.cordobatimes.com\/showup\/wp-json\/wp\/v2\/posts\/109196\/revisions"}],"predecessor-version":[{"id":109199,"href":"https:\/\/www.cordobatimes.com\/showup\/wp-json\/wp\/v2\/posts\/109196\/revisions\/109199"}],"wp:featuredmedia":[{"embeddable":true,"href":"https:\/\/www.cordobatimes.com\/showup\/wp-json\/wp\/v2\/media\/109198"}],"wp:attachment":[{"href":"https:\/\/www.cordobatimes.com\/showup\/wp-json\/wp\/v2\/media?parent=109196"}],"wp:term":[{"taxonomy":"category","embeddable":true,"href":"https:\/\/www.cordobatimes.com\/showup\/wp-json\/wp\/v2\/categories?post=109196"},{"taxonomy":"post_tag","embeddable":true,"href":"https:\/\/www.cordobatimes.com\/showup\/wp-json\/wp\/v2\/tags?post=109196"}],"curies":[{"name":"wp","href":"https:\/\/api.w.org\/{rel}","templated":true}]}}