{"id":109177,"date":"2026-03-08T19:05:30","date_gmt":"2026-03-08T22:05:30","guid":{"rendered":"https:\/\/www.cordobatimes.com\/showup\/?p=109177"},"modified":"2026-03-08T19:05:30","modified_gmt":"2026-03-08T22:05:30","slug":"sol-iglesias-sk-llevo-un-mensaje-politico-al-festival-de-malaga-aparecio-con-un-vestido-que-decia-patagonia-arde","status":"publish","type":"post","link":"https:\/\/www.cordobatimes.com\/showup\/moda-y-estilos\/2026\/03\/08\/sol-iglesias-sk-llevo-un-mensaje-politico-al-festival-de-malaga-aparecio-con-un-vestido-que-decia-patagonia-arde\/","title":{"rendered":"Sol Iglesias SK llev\u00f3 un mensaje pol\u00edtico al Festival de M\u00e1laga: apareci\u00f3 con un vestido que dec\u00eda \u201cPatagonia arde\u201d"},"content":{"rendered":"<h3 data-start=\"147\" data-end=\"413\"><strong>La directora argentina <span class=\"hover:entity-accent entity-underline inline cursor-pointer align-baseline\"><span class=\"whitespace-normal\">Sol Iglesias SK<\/span><\/span> gener\u00f3 repercusi\u00f3n en la alfombra roja del <span class=\"hover:entity-accent entity-underline inline cursor-pointer align-baseline\"><span class=\"whitespace-normal\">Festival de M\u00e1laga<\/span><\/span> al presentarse con un vestido que llevaba la frase \u201cPatagonia arde\u201d durante el estreno de su pel\u00edcula Los Nadadores.<\/strong><\/h3>\n<p data-start=\"415\" data-end=\"764\">El gesto ocurri\u00f3 en la presentaci\u00f3n oficial del film dentro de la secci\u00f3n <strong data-start=\"489\" data-end=\"501\">Zonazine<\/strong> del reconocido festival espa\u00f1ol. La inscripci\u00f3n en su vestuario fue interpretada como una <strong data-start=\"592\" data-end=\"690\">forma de visibilizar la crisis ambiental y los incendios forestales que afectan a la Patagonia<\/strong>, utilizando la exposici\u00f3n internacional del evento para instalar el tema.<\/p>\n<p data-start=\"766\" data-end=\"1085\"><strong data-start=\"766\" data-end=\"783\">Los Nadadores<\/strong> es el primer largometraje de Iglesias SK, una cineasta argentina nacida en 2001. La pel\u00edcula plantea un escenario cercano al colapso clim\u00e1tico: un grupo de j\u00f3venes intenta sobrevivir en una Buenos Aires atravesada por <strong data-start=\"1002\" data-end=\"1084\">olas de calor extremas, cortes de energ\u00eda y un clima social cada vez m\u00e1s tenso<\/strong>.<\/p>\n<p data-start=\"1087\" data-end=\"1305\">Con esta propuesta, la directora combina elementos de <strong data-start=\"1141\" data-end=\"1181\">drama generacional y ciencia ficci\u00f3n<\/strong>, al tiempo que reflexiona sobre la incertidumbre del futuro y el impacto de la crisis clim\u00e1tica en las nuevas generaciones.<\/p>\n<div style=\"width: 696px;\" class=\"wp-video\"><video class=\"wp-video-shortcode\" id=\"video-109177-1\" width=\"696\" height=\"696\" preload=\"metadata\" controls=\"controls\"><source type=\"video\/mp4\" src=\"http:\/\/www.cordobatimes.com\/showup\/wp-content\/uploads\/2026\/03\/Festival-Malaga-.mp4?_=1\" \/><a href=\"http:\/\/www.cordobatimes.com\/showup\/wp-content\/uploads\/2026\/03\/Festival-Malaga-.mp4\">http:\/\/www.cordobatimes.com\/showup\/wp-content\/uploads\/2026\/03\/Festival-Malaga-.mp4<\/a><\/video><\/div>\n","protected":false},"excerpt":{"rendered":"<p>La directora argentina Sol Iglesias SK gener\u00f3 repercusi\u00f3n en la alfombra roja del Festival de M\u00e1laga al presentarse con un vestido que llevaba la frase \u201cPatagonia arde\u201d durante el estreno de su pel\u00edcula Los Nadadores. El gesto ocurri\u00f3 en la presentaci\u00f3n oficial del film dentro de la secci\u00f3n Zonazine del reconocido festival espa\u00f1ol. La inscripci\u00f3n [&hellip;]<\/p>\n","protected":false},"author":24,"featured_media":109180,"comment_status":"closed","ping_status":"closed","sticky":false,"template":"","format":"standard","meta":{"_seopress_robots_primary_cat":"none","_seopress_titles_title":"","_seopress_titles_desc":"","_seopress_robots_index":"","footnotes":""},"categories":[228],"tags":[42063,42060,42061,42059,42062],"class_list":{"0":"post-109177","1":"post","2":"type-post","3":"status-publish","4":"format-standard","5":"has-post-thumbnail","7":"category-moda-y-estilos","8":"tag-crisis-ambiental-y-los-incendios-forestales","9":"tag-festival-de-malaga","10":"tag-patagonia-arde","11":"tag-sol-iglesias-festival-de-malaga","12":"tag-sol-iglesias-vestido-patagonia-arde"},"_links":{"self":[{"href":"https:\/\/www.cordobatimes.com\/showup\/wp-json\/wp\/v2\/posts\/109177","targetHints":{"allow":["GET"]}}],"collection":[{"href":"https:\/\/www.cordobatimes.com\/showup\/wp-json\/wp\/v2\/posts"}],"about":[{"href":"https:\/\/www.cordobatimes.com\/showup\/wp-json\/wp\/v2\/types\/post"}],"author":[{"embeddable":true,"href":"https:\/\/www.cordobatimes.com\/showup\/wp-json\/wp\/v2\/users\/24"}],"replies":[{"embeddable":true,"href":"https:\/\/www.cordobatimes.com\/showup\/wp-json\/wp\/v2\/comments?post=109177"}],"version-history":[{"count":1,"href":"https:\/\/www.cordobatimes.com\/showup\/wp-json\/wp\/v2\/posts\/109177\/revisions"}],"predecessor-version":[{"id":109182,"href":"https:\/\/www.cordobatimes.com\/showup\/wp-json\/wp\/v2\/posts\/109177\/revisions\/109182"}],"wp:featuredmedia":[{"embeddable":true,"href":"https:\/\/www.cordobatimes.com\/showup\/wp-json\/wp\/v2\/media\/109180"}],"wp:attachment":[{"href":"https:\/\/www.cordobatimes.com\/showup\/wp-json\/wp\/v2\/media?parent=109177"}],"wp:term":[{"taxonomy":"category","embeddable":true,"href":"https:\/\/www.cordobatimes.com\/showup\/wp-json\/wp\/v2\/categories?post=109177"},{"taxonomy":"post_tag","embeddable":true,"href":"https:\/\/www.cordobatimes.com\/showup\/wp-json\/wp\/v2\/tags?post=109177"}],"curies":[{"name":"wp","href":"https:\/\/api.w.org\/{rel}","templated":true}]}}