{"id":109133,"date":"2026-03-06T13:13:45","date_gmt":"2026-03-06T16:13:45","guid":{"rendered":"https:\/\/www.cordobatimes.com\/showup\/?p=109133"},"modified":"2026-03-06T13:13:45","modified_gmt":"2026-03-06T16:13:45","slug":"la-aclaracion-de-marcelo-da-corte-sobre-solange-abraham-tras-la-polemica","status":"publish","type":"post","link":"https:\/\/www.cordobatimes.com\/showup\/espectaculos\/2026\/03\/06\/la-aclaracion-de-marcelo-da-corte-sobre-solange-abraham-tras-la-polemica\/","title":{"rendered":"La aclaraci\u00f3n de Marcelo Da Corte sobre Solange Abraham tras la pol\u00e9mica"},"content":{"rendered":"<h3 data-start=\"232\" data-end=\"542\"><strong>En medio de la exposici\u00f3n medi\u00e1tica que gener\u00f3 la participaci\u00f3n de <span class=\"hover:entity-accent entity-underline inline cursor-pointer align-baseline\"><span class=\"whitespace-normal\">Solange Abraham<\/span><\/span> en <span class=\"hover:entity-accent entity-underline inline cursor-pointer align-baseline\"><span class=\"whitespace-normal\">Gran Hermano Argentina<\/span><\/span>, su exmarido <span class=\"hover:entity-accent entity-underline inline cursor-pointer align-baseline\"><span class=\"whitespace-normal\">Marcelo Da Corte<\/span><\/span> sali\u00f3 a aclarar versiones que circularon sobre su relaci\u00f3n y defendi\u00f3 p\u00fablicamente a la participante.<\/strong><\/h3>\n<p data-start=\"544\" data-end=\"844\">El empresario decidi\u00f3 hablar luego de que se generara una fuerte pol\u00e9mica en redes sociales que involucr\u00f3 a su entorno y que incluso deriv\u00f3 en acusaciones de homofobia hacia la ex Gran Hermano. Ante ese escenario, Da Corte busc\u00f3 poner pa\u00f1os fr\u00edos y explicar c\u00f3mo fue realmente el v\u00ednculo entre ambos.<\/p>\n<p data-start=\"846\" data-end=\"1021\">\u201c<strong data-start=\"847\" data-end=\"911\">Ella no es homof\u00f3bica, al contrario, ha sido muy comprensiva<\/strong>\u201d, expres\u00f3 al referirse a Solange y a la manera en que reaccion\u00f3 frente a su vida personal tras la separaci\u00f3n.<\/p>\n<p data-start=\"1023\" data-end=\"1346\">La historia entre Abraham y Da Corte comenz\u00f3 a\u00f1os antes de la fama televisiva de ella. Se conocieron trabajando en un canal de m\u00fasica y formalizaron su relaci\u00f3n en 2015, cuando se casaron tras varios a\u00f1os juntos. En 2017 naci\u00f3 su hija Delfina, y la pareja finalmente se separ\u00f3 en 2023.<\/p>\n<p data-start=\"1348\" data-end=\"1604\">El conflicto volvi\u00f3 a quedar en el centro de la escena luego de que trascendiera que Da Corte inici\u00f3 una nueva relaci\u00f3n con un hombre tras la ruptura, lo que reaviv\u00f3 el inter\u00e9s medi\u00e1tico sobre la historia de la pareja.<\/p>\n<p data-start=\"1606\" data-end=\"1867\">Mientras tanto, dentro de la casa m\u00e1s famosa del pa\u00eds, Solange tambi\u00e9n habl\u00f3 sobre el final de su matrimonio y record\u00f3 el dolor que le provoc\u00f3 descubrir una infidelidad, un episodio que marc\u00f3 profundamente su vida personal.<\/p>\n<div style=\"width: 696px;\" class=\"wp-video\"><video class=\"wp-video-shortcode\" id=\"video-109133-1\" width=\"696\" height=\"1237\" preload=\"metadata\" controls=\"controls\"><source type=\"video\/mp4\" src=\"http:\/\/www.cordobatimes.com\/showup\/wp-content\/uploads\/2026\/03\/WhatsApp-Video-2026-03-06-at-1.01.56-PM.mp4?_=1\" \/><a href=\"http:\/\/www.cordobatimes.com\/showup\/wp-content\/uploads\/2026\/03\/WhatsApp-Video-2026-03-06-at-1.01.56-PM.mp4\">http:\/\/www.cordobatimes.com\/showup\/wp-content\/uploads\/2026\/03\/WhatsApp-Video-2026-03-06-at-1.01.56-PM.mp4<\/a><\/video><\/div>\n","protected":false},"excerpt":{"rendered":"<p>En medio de la exposici\u00f3n medi\u00e1tica que gener\u00f3 la participaci\u00f3n de Solange Abraham en Gran Hermano Argentina, su exmarido Marcelo Da Corte sali\u00f3 a aclarar versiones que circularon sobre su relaci\u00f3n y defendi\u00f3 p\u00fablicamente a la participante. El empresario decidi\u00f3 hablar luego de que se generara una fuerte pol\u00e9mica en redes sociales que involucr\u00f3 a [&hellip;]<\/p>\n","protected":false},"author":24,"featured_media":109137,"comment_status":"closed","ping_status":"closed","sticky":false,"template":"","format":"standard","meta":{"_seopress_robots_primary_cat":"none","_seopress_titles_title":"","_seopress_titles_desc":"","_seopress_robots_index":"","footnotes":""},"categories":[10],"tags":[42041,42042,42043,41905],"class_list":{"0":"post-109133","1":"post","2":"type-post","3":"status-publish","4":"format-standard","5":"has-post-thumbnail","7":"category-espectaculos","8":"tag-aclaracion-de-marcelo-da-corte-sobre-solange-abraham","9":"tag-marcelo-da-corte-sobre-solange-abraham","10":"tag-solange-abraham","11":"tag-solange-abraham-gran-hermano-generacion-dorada"},"_links":{"self":[{"href":"https:\/\/www.cordobatimes.com\/showup\/wp-json\/wp\/v2\/posts\/109133","targetHints":{"allow":["GET"]}}],"collection":[{"href":"https:\/\/www.cordobatimes.com\/showup\/wp-json\/wp\/v2\/posts"}],"about":[{"href":"https:\/\/www.cordobatimes.com\/showup\/wp-json\/wp\/v2\/types\/post"}],"author":[{"embeddable":true,"href":"https:\/\/www.cordobatimes.com\/showup\/wp-json\/wp\/v2\/users\/24"}],"replies":[{"embeddable":true,"href":"https:\/\/www.cordobatimes.com\/showup\/wp-json\/wp\/v2\/comments?post=109133"}],"version-history":[{"count":1,"href":"https:\/\/www.cordobatimes.com\/showup\/wp-json\/wp\/v2\/posts\/109133\/revisions"}],"predecessor-version":[{"id":109138,"href":"https:\/\/www.cordobatimes.com\/showup\/wp-json\/wp\/v2\/posts\/109133\/revisions\/109138"}],"wp:featuredmedia":[{"embeddable":true,"href":"https:\/\/www.cordobatimes.com\/showup\/wp-json\/wp\/v2\/media\/109137"}],"wp:attachment":[{"href":"https:\/\/www.cordobatimes.com\/showup\/wp-json\/wp\/v2\/media?parent=109133"}],"wp:term":[{"taxonomy":"category","embeddable":true,"href":"https:\/\/www.cordobatimes.com\/showup\/wp-json\/wp\/v2\/categories?post=109133"},{"taxonomy":"post_tag","embeddable":true,"href":"https:\/\/www.cordobatimes.com\/showup\/wp-json\/wp\/v2\/tags?post=109133"}],"curies":[{"name":"wp","href":"https:\/\/api.w.org\/{rel}","templated":true}]}}