{"id":109117,"date":"2026-03-06T10:56:48","date_gmt":"2026-03-06T13:56:48","guid":{"rendered":"https:\/\/www.cordobatimes.com\/showup\/?p=109117"},"modified":"2026-03-06T10:56:48","modified_gmt":"2026-03-06T13:56:48","slug":"vuelve-the-boys-y-llega-con-el-trailer-de-su-temporada-final","status":"publish","type":"post","link":"https:\/\/www.cordobatimes.com\/showup\/cine-y-series\/2026\/03\/06\/vuelve-the-boys-y-llega-con-el-trailer-de-su-temporada-final\/","title":{"rendered":"Vuelve \u201cThe Boys\u201d y llega con el tr\u00e1iler de su temporada final"},"content":{"rendered":"<h3 data-start=\"93\" data-end=\"341\"><strong>La espera termin\u00f3 para los fan\u00e1ticos de <span class=\"hover:entity-accent entity-underline inline cursor-pointer align-baseline\"><span class=\"whitespace-normal\">The Boys<\/span><\/span>. Prime Video lanz\u00f3 el impactante tr\u00e1iler de la quinta y \u00faltima temporada de la serie de superh\u00e9roes que revolucion\u00f3 el g\u00e9nero con su tono oscuro, violento y sat\u00edrico.<\/strong><\/h3>\n<p data-start=\"343\" data-end=\"696\">La despedida de la historia creada por <strong data-start=\"382\" data-end=\"423\"><span class=\"hover:entity-accent entity-underline inline cursor-pointer align-baseline\"><span class=\"whitespace-normal\">Eric Kripke<\/span><\/span><\/strong> se estrenar\u00e1 el <strong data-start=\"440\" data-end=\"462\">8 de abril de 2026<\/strong> en <strong data-start=\"466\" data-end=\"507\"><span class=\"hover:entity-accent entity-underline inline cursor-pointer align-baseline\"><span class=\"whitespace-normal\">Prime Video<\/span><\/span><\/strong> con <strong data-start=\"512\" data-end=\"539\">dos episodios iniciales<\/strong>, y luego continuar\u00e1 con <strong data-start=\"564\" data-end=\"597\">un cap\u00edtulo nuevo cada semana<\/strong> hasta el final definitivo previsto para el <strong data-start=\"641\" data-end=\"655\">20 de mayo<\/strong>.<\/p>\n<p data-start=\"698\" data-end=\"1083\">El tr\u00e1iler anticipa un mundo dominado por <strong data-start=\"740\" data-end=\"754\">Homelander<\/strong>, interpretado por <strong data-start=\"773\" data-end=\"814\"><span class=\"hover:entity-accent entity-underline inline cursor-pointer align-baseline\"><span class=\"whitespace-normal\">Antony Starr<\/span><\/span><\/strong>, quien ahora ejerce un poder cada vez m\u00e1s autoritario. Mientras tanto, el grupo liderado por <strong data-start=\"908\" data-end=\"925\">Billy Butcher<\/strong>, personaje de <strong data-start=\"940\" data-end=\"981\"><span class=\"hover:entity-accent entity-underline inline cursor-pointer align-baseline\"><span class=\"whitespace-normal\">Karl Urban<\/span><\/span><\/strong>, se prepara para una batalla final que podr\u00eda cambiarlo todo.<\/p>\n<p data-start=\"1085\" data-end=\"1459\">La trama retoma los eventos de la cuarta temporada, donde el poder de los \u201csupers\u201d creci\u00f3 de forma alarmante. Hughie, Mother\u2019s Milk y Frenchie aparecen capturados en un \u201ccampo de libertad\u201d, mientras Annie intenta organizar una resistencia. Butcher reaparece con un plan extremo: utilizar un virus capaz de eliminar a todos los supers.<\/p>\n<p data-start=\"1461\" data-end=\"1904\">El reparto tambi\u00e9n incluye a <strong data-start=\"1490\" data-end=\"1531\"><span class=\"hover:entity-accent entity-underline inline cursor-pointer align-baseline\"><span class=\"whitespace-normal\">Jack Quaid<\/span><\/span><\/strong>, <strong data-start=\"1533\" data-end=\"1574\"><span class=\"hover:entity-accent entity-underline inline cursor-pointer align-baseline\"><span class=\"whitespace-normal\">Erin Moriarty<\/span><\/span><\/strong>, <strong data-start=\"1576\" data-end=\"1619\"><span class=\"hover:entity-accent entity-underline inline cursor-pointer align-baseline\"><span class=\"whitespace-normal\">Karen Fukuhara<\/span><\/span><\/strong>, <strong data-start=\"1621\" data-end=\"1664\"><span class=\"hover:entity-accent entity-underline inline cursor-pointer align-baseline\"><span class=\"whitespace-normal\">Laz Alonso<\/span><\/span><\/strong> y <strong data-start=\"1667\" data-end=\"1710\"><span class=\"hover:entity-accent entity-underline inline cursor-pointer align-baseline\"><span class=\"whitespace-normal\">Jensen Ackles<\/span><\/span><\/strong>, entre otros, en un cierre que promete enfrentamientos brutales, muertes inesperadas y el final de una de las series m\u00e1s populares de la \u00faltima d\u00e9cada.<\/p>\n<div style=\"width: 696px;\" class=\"wp-video\"><video class=\"wp-video-shortcode\" id=\"video-109117-1\" width=\"696\" height=\"392\" preload=\"metadata\" controls=\"controls\"><source type=\"video\/mp4\" src=\"http:\/\/www.cordobatimes.com\/showup\/wp-content\/uploads\/2026\/03\/ssstwitter.com_1772805187953.mp4?_=1\" \/><a href=\"http:\/\/www.cordobatimes.com\/showup\/wp-content\/uploads\/2026\/03\/ssstwitter.com_1772805187953.mp4\">http:\/\/www.cordobatimes.com\/showup\/wp-content\/uploads\/2026\/03\/ssstwitter.com_1772805187953.mp4<\/a><\/video><\/div>\n","protected":false},"excerpt":{"rendered":"<p>La espera termin\u00f3 para los fan\u00e1ticos de The Boys. Prime Video lanz\u00f3 el impactante tr\u00e1iler de la quinta y \u00faltima temporada de la serie de superh\u00e9roes que revolucion\u00f3 el g\u00e9nero con su tono oscuro, violento y sat\u00edrico. La despedida de la historia creada por Eric Kripke se estrenar\u00e1 el 8 de abril de 2026 en [&hellip;]<\/p>\n","protected":false},"author":24,"featured_media":109120,"comment_status":"closed","ping_status":"closed","sticky":false,"template":"","format":"standard","meta":{"_seopress_robots_primary_cat":"none","_seopress_titles_title":"","_seopress_titles_desc":"","_seopress_robots_index":"","footnotes":""},"categories":[3],"tags":[42034,42036,42035],"class_list":{"0":"post-109117","1":"post","2":"type-post","3":"status-publish","4":"format-standard","5":"has-post-thumbnail","7":"category-cine-y-series","8":"tag-the-boys","9":"tag-the-boys-temporada-final","10":"tag-trailer-de-the-boys-temporada-final"},"_links":{"self":[{"href":"https:\/\/www.cordobatimes.com\/showup\/wp-json\/wp\/v2\/posts\/109117","targetHints":{"allow":["GET"]}}],"collection":[{"href":"https:\/\/www.cordobatimes.com\/showup\/wp-json\/wp\/v2\/posts"}],"about":[{"href":"https:\/\/www.cordobatimes.com\/showup\/wp-json\/wp\/v2\/types\/post"}],"author":[{"embeddable":true,"href":"https:\/\/www.cordobatimes.com\/showup\/wp-json\/wp\/v2\/users\/24"}],"replies":[{"embeddable":true,"href":"https:\/\/www.cordobatimes.com\/showup\/wp-json\/wp\/v2\/comments?post=109117"}],"version-history":[{"count":1,"href":"https:\/\/www.cordobatimes.com\/showup\/wp-json\/wp\/v2\/posts\/109117\/revisions"}],"predecessor-version":[{"id":109122,"href":"https:\/\/www.cordobatimes.com\/showup\/wp-json\/wp\/v2\/posts\/109117\/revisions\/109122"}],"wp:featuredmedia":[{"embeddable":true,"href":"https:\/\/www.cordobatimes.com\/showup\/wp-json\/wp\/v2\/media\/109120"}],"wp:attachment":[{"href":"https:\/\/www.cordobatimes.com\/showup\/wp-json\/wp\/v2\/media?parent=109117"}],"wp:term":[{"taxonomy":"category","embeddable":true,"href":"https:\/\/www.cordobatimes.com\/showup\/wp-json\/wp\/v2\/categories?post=109117"},{"taxonomy":"post_tag","embeddable":true,"href":"https:\/\/www.cordobatimes.com\/showup\/wp-json\/wp\/v2\/tags?post=109117"}],"curies":[{"name":"wp","href":"https:\/\/api.w.org\/{rel}","templated":true}]}}