{"id":109081,"date":"2026-03-05T18:37:54","date_gmt":"2026-03-05T21:37:54","guid":{"rendered":"https:\/\/www.cordobatimes.com\/showup\/?p=109081"},"modified":"2026-03-05T18:37:54","modified_gmt":"2026-03-05T21:37:54","slug":"la-felicidad-de-catherine-fulop-por-la-llegada-de-su-primera-nieta-es-como-volver-a-tener-en-mis-brazos-a-ori","status":"publish","type":"post","link":"https:\/\/www.cordobatimes.com\/showup\/famosos\/2026\/03\/05\/la-felicidad-de-catherine-fulop-por-la-llegada-de-su-primera-nieta-es-como-volver-a-tener-en-mis-brazos-a-ori\/","title":{"rendered":"La felicidad de Catherine Fulop por la llegada de su primera nieta: \u201cEs como volver a tener en mis brazos a Ori\u201d"},"content":{"rendered":"<h3 data-start=\"145\" data-end=\"512\"><strong><span class=\"whitespace-normal\">Catherine Fulop<\/span> atraviesa uno de los momentos m\u00e1s emocionantes de su vida tras la llegada de Gia, la primera hija de <span class=\"whitespace-normal\">Oriana Sabatini<\/span> y <span class=\"whitespace-normal\">Paulo Dybala<\/span>. La beb\u00e9 naci\u00f3 el 2 de marzo en Roma, convirtiendo a la actriz y conductora en abuela por primera vez.<\/strong><\/h3>\n<p data-start=\"514\" data-end=\"821\">Conmovida por el nacimiento, Fulop comparti\u00f3 en redes sociales y en distintas entrevistas la enorme felicidad que siente por este nuevo cap\u00edtulo familiar. \u201cLo que hemos vivido ha sido tan bello, tan grande. Es un milagro\u201d, expres\u00f3 al hablar de la llegada de su nieta.<\/p>\n<p data-start=\"823\" data-end=\"1090\">La actriz tambi\u00e9n cont\u00f3 que la peque\u00f1a le recuerda mucho a su hija cuando era beb\u00e9. \u201cSe parece mucho a Oriana. Es volver a tenerla en mis brazos a Ori\u201d, dijo emocionada al describir el momento en que conoci\u00f3 a la reci\u00e9n nacida.<\/p>\n<p data-start=\"1092\" data-end=\"1411\">Seg\u00fan revel\u00f3, la beba pes\u00f3 <strong data-start=\"1119\" data-end=\"1157\">3,105 kilos y midi\u00f3 50 cent\u00edmetros<\/strong>, y desde su nacimiento la familia se mostr\u00f3 profundamente conmovida por la llegada de la nueva integrante. Fulop incluso prometi\u00f3 disfrutar al m\u00e1ximo su rol de abuela y brome\u00f3 con que planea \u201cmalcriarla con amor\u201d.<\/p>\n<div style=\"width: 480px;\" class=\"wp-video\"><video class=\"wp-video-shortcode\" id=\"video-109081-1\" width=\"480\" height=\"852\" preload=\"metadata\" controls=\"controls\"><source type=\"video\/mp4\" src=\"http:\/\/www.cordobatimes.com\/showup\/wp-content\/uploads\/2026\/03\/ssstwitter.com_1772746362951.mp4?_=1\" \/><a href=\"http:\/\/www.cordobatimes.com\/showup\/wp-content\/uploads\/2026\/03\/ssstwitter.com_1772746362951.mp4\">http:\/\/www.cordobatimes.com\/showup\/wp-content\/uploads\/2026\/03\/ssstwitter.com_1772746362951.mp4<\/a><\/video><\/div>\n","protected":false},"excerpt":{"rendered":"<p>Catherine Fulop atraviesa uno de los momentos m\u00e1s emocionantes de su vida tras la llegada de Gia, la primera hija de Oriana Sabatini y Paulo Dybala. La beb\u00e9 naci\u00f3 el 2 de marzo en Roma, convirtiendo a la actriz y conductora en abuela por primera vez. Conmovida por el nacimiento, Fulop comparti\u00f3 en redes sociales [&hellip;]<\/p>\n","protected":false},"author":24,"featured_media":109085,"comment_status":"closed","ping_status":"closed","sticky":false,"template":"","format":"standard","meta":{"_seopress_robots_primary_cat":"none","_seopress_titles_title":"","_seopress_titles_desc":"","_seopress_robots_index":"","footnotes":""},"categories":[4],"tags":[876,42023,42022,41969],"class_list":{"0":"post-109081","1":"post","2":"type-post","3":"status-publish","4":"format-standard","5":"has-post-thumbnail","7":"category-famosos","8":"tag-catherine-fulop","9":"tag-catherine-fulop-gia","10":"tag-catherine-fulop-primer-nieta","11":"tag-gia-hija-de-oriana-sabatini-y-paulo-dybala"},"_links":{"self":[{"href":"https:\/\/www.cordobatimes.com\/showup\/wp-json\/wp\/v2\/posts\/109081","targetHints":{"allow":["GET"]}}],"collection":[{"href":"https:\/\/www.cordobatimes.com\/showup\/wp-json\/wp\/v2\/posts"}],"about":[{"href":"https:\/\/www.cordobatimes.com\/showup\/wp-json\/wp\/v2\/types\/post"}],"author":[{"embeddable":true,"href":"https:\/\/www.cordobatimes.com\/showup\/wp-json\/wp\/v2\/users\/24"}],"replies":[{"embeddable":true,"href":"https:\/\/www.cordobatimes.com\/showup\/wp-json\/wp\/v2\/comments?post=109081"}],"version-history":[{"count":1,"href":"https:\/\/www.cordobatimes.com\/showup\/wp-json\/wp\/v2\/posts\/109081\/revisions"}],"predecessor-version":[{"id":109086,"href":"https:\/\/www.cordobatimes.com\/showup\/wp-json\/wp\/v2\/posts\/109081\/revisions\/109086"}],"wp:featuredmedia":[{"embeddable":true,"href":"https:\/\/www.cordobatimes.com\/showup\/wp-json\/wp\/v2\/media\/109085"}],"wp:attachment":[{"href":"https:\/\/www.cordobatimes.com\/showup\/wp-json\/wp\/v2\/media?parent=109081"}],"wp:term":[{"taxonomy":"category","embeddable":true,"href":"https:\/\/www.cordobatimes.com\/showup\/wp-json\/wp\/v2\/categories?post=109081"},{"taxonomy":"post_tag","embeddable":true,"href":"https:\/\/www.cordobatimes.com\/showup\/wp-json\/wp\/v2\/tags?post=109081"}],"curies":[{"name":"wp","href":"https:\/\/api.w.org\/{rel}","templated":true}]}}