{"id":109075,"date":"2026-03-05T18:16:20","date_gmt":"2026-03-05T21:16:20","guid":{"rendered":"https:\/\/www.cordobatimes.com\/showup\/?p=109075"},"modified":"2026-03-05T18:16:20","modified_gmt":"2026-03-05T21:16:20","slug":"los-testamentos-de-las-hijas-de-gilead-revelo-su-primer-trailer-y-ya-tiene-fecha-de-estreno-en-disney","status":"publish","type":"post","link":"https:\/\/www.cordobatimes.com\/showup\/cine-y-series\/2026\/03\/05\/los-testamentos-de-las-hijas-de-gilead-revelo-su-primer-trailer-y-ya-tiene-fecha-de-estreno-en-disney\/","title":{"rendered":"\u201cLos testamentos: de las hijas de Gilead\u201d revel\u00f3 su primer tr\u00e1iler y ya tiene fecha de estreno en Disney+"},"content":{"rendered":"<h3 data-start=\"182\" data-end=\"478\"><strong>La esperada serie \u201cLos testamentos: de las hijas de Gilead\u201d present\u00f3 su primer tr\u00e1iler oficial y confirm\u00f3 su estreno para el 8 de abril de 2026 en Disney+, donde llegar\u00e1 con los tres primeros episodios y luego continuar\u00e1 con lanzamientos semanales.<\/strong><\/h3>\n<p data-start=\"480\" data-end=\"836\">La producci\u00f3n funciona como <strong data-start=\"508\" data-end=\"565\">continuaci\u00f3n del universo de \u201cEl cuento de la criada\u201d<\/strong>, la aclamada serie dist\u00f3pica basada en la obra de la escritora canadiense <span class=\"whitespace-normal\">Margaret Atwood<\/span>. La nueva ficci\u00f3n retoma la historia en la Rep\u00fablica de Gilead varios a\u00f1os despu\u00e9s de los hechos de la serie original.<\/p>\n<p data-start=\"838\" data-end=\"1221\">La trama sigue a <strong data-start=\"855\" data-end=\"872\">Agnes y Daisy<\/strong>, dos adolescentes que crecieron bajo el r\u00e9gimen autoritario de Gilead. Mientras intentan entender su lugar en esa sociedad opresiva, sus caminos se cruzan en una escuela de \u00e9lite dirigida por la temida <strong data-start=\"1075\" data-end=\"1088\">T\u00eda Lydia<\/strong>, un personaje que regresa interpretado nuevamente por <span class=\"whitespace-normal\">Ann Dowd<\/span>.<\/p>\n<p data-start=\"1223\" data-end=\"1585\">Seg\u00fan la sinopsis oficial, la historia explora el paso a la adultez de una nueva generaci\u00f3n de mujeres que han sido educadas dentro del sistema de Gilead. A medida que Agnes y Daisy descubren la verdad sobre el r\u00e9gimen, su v\u00ednculo se convertir\u00e1 en el detonante de cambios que podr\u00edan poner en peligro al poder establecido.<\/p>\n<p data-start=\"1587\" data-end=\"1934\">El elenco est\u00e1 encabezado por <strong data-start=\"1617\" data-end=\"1658\"><span class=\"whitespace-normal\">Chase Infiniti<\/span><\/strong> como Agnes y <strong data-start=\"1672\" data-end=\"1713\"><span class=\"whitespace-normal\">Lucy Halliday<\/span><\/strong> como Daisy, junto a un reparto que incluye a <strong data-start=\"1759\" data-end=\"1800\"><span class=\"whitespace-normal\">Rowan Blanchard<\/span><\/strong>, <strong data-start=\"1802\" data-end=\"1845\"><span class=\"whitespace-normal\">Mabel Li<\/span><\/strong> y <strong data-start=\"1848\" data-end=\"1891\"><span class=\"whitespace-normal\">Amy Seimetz<\/span><\/strong>.<\/p>\n<p data-start=\"1936\" data-end=\"2217\">El tr\u00e1iler, lanzado el 5 de marzo de 2026, muestra un primer vistazo al nuevo cap\u00edtulo de esta historia dist\u00f3pica y anticipa tensiones pol\u00edticas, conflictos personales y se\u00f1ales de que el sistema de Gilead podr\u00eda comenzar a resquebrajarse.<\/p>\n<div style=\"width: 696px;\" class=\"wp-video\"><video class=\"wp-video-shortcode\" id=\"video-109075-1\" width=\"696\" height=\"392\" preload=\"metadata\" controls=\"controls\"><source type=\"video\/mp4\" src=\"http:\/\/www.cordobatimes.com\/showup\/wp-content\/uploads\/2026\/03\/ssstwitter.com_1772744756615.mp4?_=1\" \/><a href=\"http:\/\/www.cordobatimes.com\/showup\/wp-content\/uploads\/2026\/03\/ssstwitter.com_1772744756615.mp4\">http:\/\/www.cordobatimes.com\/showup\/wp-content\/uploads\/2026\/03\/ssstwitter.com_1772744756615.mp4<\/a><\/video><\/div>\n","protected":false},"excerpt":{"rendered":"<p>La esperada serie \u201cLos testamentos: de las hijas de Gilead\u201d present\u00f3 su primer tr\u00e1iler oficial y confirm\u00f3 su estreno para el 8 de abril de 2026 en Disney+, donde llegar\u00e1 con los tres primeros episodios y luego continuar\u00e1 con lanzamientos semanales. La producci\u00f3n funciona como continuaci\u00f3n del universo de \u201cEl cuento de la criada\u201d, la [&hellip;]<\/p>\n","protected":false},"author":24,"featured_media":109079,"comment_status":"closed","ping_status":"closed","sticky":false,"template":"","format":"standard","meta":{"_seopress_robots_primary_cat":"none","_seopress_titles_title":"","_seopress_titles_desc":"","_seopress_robots_index":"","footnotes":""},"categories":[3],"tags":[42021,42019,42020],"class_list":{"0":"post-109075","1":"post","2":"type-post","3":"status-publish","4":"format-standard","5":"has-post-thumbnail","7":"category-cine-y-series","8":"tag-los-testamentos-de-las-hijas-de-gilead-disney","9":"tag-los-testamentos-de-las-hijas-de-gilead","10":"tag-trailer-de-los-testamentos-de-las-hijas-de-gilead"},"_links":{"self":[{"href":"https:\/\/www.cordobatimes.com\/showup\/wp-json\/wp\/v2\/posts\/109075","targetHints":{"allow":["GET"]}}],"collection":[{"href":"https:\/\/www.cordobatimes.com\/showup\/wp-json\/wp\/v2\/posts"}],"about":[{"href":"https:\/\/www.cordobatimes.com\/showup\/wp-json\/wp\/v2\/types\/post"}],"author":[{"embeddable":true,"href":"https:\/\/www.cordobatimes.com\/showup\/wp-json\/wp\/v2\/users\/24"}],"replies":[{"embeddable":true,"href":"https:\/\/www.cordobatimes.com\/showup\/wp-json\/wp\/v2\/comments?post=109075"}],"version-history":[{"count":1,"href":"https:\/\/www.cordobatimes.com\/showup\/wp-json\/wp\/v2\/posts\/109075\/revisions"}],"predecessor-version":[{"id":109080,"href":"https:\/\/www.cordobatimes.com\/showup\/wp-json\/wp\/v2\/posts\/109075\/revisions\/109080"}],"wp:featuredmedia":[{"embeddable":true,"href":"https:\/\/www.cordobatimes.com\/showup\/wp-json\/wp\/v2\/media\/109079"}],"wp:attachment":[{"href":"https:\/\/www.cordobatimes.com\/showup\/wp-json\/wp\/v2\/media?parent=109075"}],"wp:term":[{"taxonomy":"category","embeddable":true,"href":"https:\/\/www.cordobatimes.com\/showup\/wp-json\/wp\/v2\/categories?post=109075"},{"taxonomy":"post_tag","embeddable":true,"href":"https:\/\/www.cordobatimes.com\/showup\/wp-json\/wp\/v2\/tags?post=109075"}],"curies":[{"name":"wp","href":"https:\/\/api.w.org\/{rel}","templated":true}]}}