{"id":109064,"date":"2026-03-05T10:21:59","date_gmt":"2026-03-05T13:21:59","guid":{"rendered":"https:\/\/www.cordobatimes.com\/showup\/?p=109064"},"modified":"2026-03-05T10:21:59","modified_gmt":"2026-03-05T13:21:59","slug":"felipe-fort-homenajeo-a-su-papa-y-brillo-en-la-bafweek","status":"publish","type":"post","link":"https:\/\/www.cordobatimes.com\/showup\/moda-y-estilos\/2026\/03\/05\/felipe-fort-homenajeo-a-su-papa-y-brillo-en-la-bafweek\/","title":{"rendered":"Felipe Fort homenaje\u00f3 a su pap\u00e1 y brill\u00f3 en la BAFWEEK"},"content":{"rendered":"<h3 data-start=\"247\" data-end=\"673\"><strong><span class=\"whitespace-normal\">Felipe Fort<\/span> fue uno de los protagonistas fashion del fin de semana en la BAFWEEK, el evento de moda m\u00e1s importante de Buenos Aires. En la edici\u00f3n donde la marca <em data-start=\"438\" data-end=\"449\">Bullbenny<\/em> present\u00f3 su colecci\u00f3n en la Estaci\u00f3n Subte H \u2014Facultad de Derecho\u2014, Fort desfil\u00f3 y llam\u00f3 la atenci\u00f3n no solo por su presencia, sino tambi\u00e9n por el mensaje que llev\u00f3 sobre sus hombros.<\/strong><\/h3>\n<p data-start=\"675\" data-end=\"1054\">El joven influencer sorprendi\u00f3 a los asistentes al lucir una <strong data-start=\"736\" data-end=\"798\">campera con la cara de su padre, el recordado Ricardo Fort<\/strong>, un homenaje que gener\u00f3 repercusi\u00f3n entre los fans del \u201cComandante\u201d. La prenda mostraba la imagen del medi\u00e1tico tanto en el frente como en la espalda, evocando el estilo extravagante que caracteriz\u00f3 a su progenitor.<\/p>\n<p data-start=\"1056\" data-end=\"1487\">La BAFWEEK 2026 viene consolid\u00e1ndose como una plataforma donde aparecen nuevas figuras del ambiente local, combinando desfiles de marcas consagradas con apuestas m\u00e1s disruptivas. Adem\u00e1s, Felipe fue captado en la previa al desfile junto al streamer <strong data-start=\"1304\" data-end=\"1315\">Mernuel<\/strong>, con quien se salud\u00f3 ante los flashes y evidenci\u00f3 la mezcla entre moda y cultura digital que domina las pasarelas en la actualidad.<\/p>\n<p data-start=\"1489\" data-end=\"1885\">Durante el evento tambi\u00e9n se lo vio con actitud orgullosa de su legado familiar y proyecto personal, hablando en entrevistas sobre sus ideas y planes de vida relacionados con la empresa familiar de chocolates, aunque dejando claro que hoy su foco pas\u00f3 por <strong data-start=\"1745\" data-end=\"1823\">celebrar la moda, recordar a su pap\u00e1 y afianzarse como personalidad propia<\/strong> en la escena porte\u00f1a.<\/p>\n<div style=\"width: 696px;\" class=\"wp-video\"><video class=\"wp-video-shortcode\" id=\"video-109064-1\" width=\"696\" height=\"696\" preload=\"metadata\" controls=\"controls\"><source type=\"video\/mp4\" src=\"http:\/\/www.cordobatimes.com\/showup\/wp-content\/uploads\/2026\/03\/Felipe-Fort-.mp4?_=1\" \/><a href=\"http:\/\/www.cordobatimes.com\/showup\/wp-content\/uploads\/2026\/03\/Felipe-Fort-.mp4\">http:\/\/www.cordobatimes.com\/showup\/wp-content\/uploads\/2026\/03\/Felipe-Fort-.mp4<\/a><\/video><\/div>\n","protected":false},"excerpt":{"rendered":"<p>Felipe Fort fue uno de los protagonistas fashion del fin de semana en la BAFWEEK, el evento de moda m\u00e1s importante de Buenos Aires. En la edici\u00f3n donde la marca Bullbenny present\u00f3 su colecci\u00f3n en la Estaci\u00f3n Subte H \u2014Facultad de Derecho\u2014, Fort desfil\u00f3 y llam\u00f3 la atenci\u00f3n no solo por su presencia, sino tambi\u00e9n [&hellip;]<\/p>\n","protected":false},"author":24,"featured_media":109067,"comment_status":"closed","ping_status":"closed","sticky":false,"template":"","format":"standard","meta":{"_seopress_robots_primary_cat":"none","_seopress_titles_title":"","_seopress_titles_desc":"","_seopress_robots_index":"","footnotes":""},"categories":[228],"tags":[42013,42015,42014],"class_list":{"0":"post-109064","1":"post","2":"type-post","3":"status-publish","4":"format-standard","5":"has-post-thumbnail","7":"category-moda-y-estilos","8":"tag-elipe-fort-homenajeo-a-su-papa","9":"tag-felipe-fort-bafweek","10":"tag-felipe-fort-ricardo-fort"},"_links":{"self":[{"href":"https:\/\/www.cordobatimes.com\/showup\/wp-json\/wp\/v2\/posts\/109064","targetHints":{"allow":["GET"]}}],"collection":[{"href":"https:\/\/www.cordobatimes.com\/showup\/wp-json\/wp\/v2\/posts"}],"about":[{"href":"https:\/\/www.cordobatimes.com\/showup\/wp-json\/wp\/v2\/types\/post"}],"author":[{"embeddable":true,"href":"https:\/\/www.cordobatimes.com\/showup\/wp-json\/wp\/v2\/users\/24"}],"replies":[{"embeddable":true,"href":"https:\/\/www.cordobatimes.com\/showup\/wp-json\/wp\/v2\/comments?post=109064"}],"version-history":[{"count":1,"href":"https:\/\/www.cordobatimes.com\/showup\/wp-json\/wp\/v2\/posts\/109064\/revisions"}],"predecessor-version":[{"id":109069,"href":"https:\/\/www.cordobatimes.com\/showup\/wp-json\/wp\/v2\/posts\/109064\/revisions\/109069"}],"wp:featuredmedia":[{"embeddable":true,"href":"https:\/\/www.cordobatimes.com\/showup\/wp-json\/wp\/v2\/media\/109067"}],"wp:attachment":[{"href":"https:\/\/www.cordobatimes.com\/showup\/wp-json\/wp\/v2\/media?parent=109064"}],"wp:term":[{"taxonomy":"category","embeddable":true,"href":"https:\/\/www.cordobatimes.com\/showup\/wp-json\/wp\/v2\/categories?post=109064"},{"taxonomy":"post_tag","embeddable":true,"href":"https:\/\/www.cordobatimes.com\/showup\/wp-json\/wp\/v2\/tags?post=109064"}],"curies":[{"name":"wp","href":"https:\/\/api.w.org\/{rel}","templated":true}]}}