{"id":109046,"date":"2026-03-05T08:54:07","date_gmt":"2026-03-05T11:54:07","guid":{"rendered":"https:\/\/www.cordobatimes.com\/showup\/?p=109046"},"modified":"2026-03-05T08:54:07","modified_gmt":"2026-03-05T11:54:07","slug":"el-ultimo-gigante-netflix-presenta-el-trailer-de-la-pelicula-argentina","status":"publish","type":"post","link":"https:\/\/www.cordobatimes.com\/showup\/cine-y-series\/2026\/03\/05\/el-ultimo-gigante-netflix-presenta-el-trailer-de-la-pelicula-argentina\/","title":{"rendered":"El \u00faltimo gigante: Netflix presenta el tr\u00e1iler de la pel\u00edcula argentina"},"content":{"rendered":"<h3 data-start=\"398\" data-end=\"703\"><strong>La plataforma de streaming <span class=\"whitespace-normal\">Netflix<\/span> lanz\u00f3 el tr\u00e1iler oficial de <em data-start=\"497\" data-end=\"516\">El \u00faltimo gigante<\/em>, una pel\u00edcula argentina dirigida y escrita por <span class=\"whitespace-normal\">Marcos Carnevale<\/span> que promete ser uno de los estrenos m\u00e1s conmovedores del a\u00f1o.<\/strong><\/h3>\n<p data-start=\"705\" data-end=\"1289\">La historia, protagonizada por <span class=\"whitespace-normal\">Oscar Mart\u00ednez<\/span> y <span class=\"whitespace-normal\">Mat\u00edas Mayer<\/span>, se desarrolla en los impresionantes paisajes de <strong data-start=\"863\" data-end=\"901\">las Cataratas del Iguaz\u00fa, Misiones<\/strong>, y sigue a Boris, un gu\u00eda tur\u00edstico cuya vida cambia cuando <strong data-start=\"962\" data-end=\"1009\">su padre ausente regresa despu\u00e9s de d\u00e9cadas<\/strong>. Lo que comienza como un reencuentro inc\u00f3modo se transforma en un viaje \u00edntimo de sanaci\u00f3n, donde ambos deber\u00e1n enfrentar heridas del pasado, explorar el resentimiento y encontrar una segunda oportunidad para reconstruir su v\u00ednculo familiar.<\/p>\n<p data-start=\"1291\" data-end=\"1657\">El elenco se completa con <strong data-start=\"1317\" data-end=\"1379\">In\u00e9s Est\u00e9vez, Silvia Kutika, Yoyi Francella, Alexia Moyano<\/strong> y una participaci\u00f3n especial de <strong data-start=\"1412\" data-end=\"1426\">Luis Luque<\/strong>. La producci\u00f3n est\u00e1 a cargo de <strong data-start=\"1458\" data-end=\"1475\">Leyenda Films<\/strong> y <strong data-start=\"1478\" data-end=\"1508\">Kuarzo International Films<\/strong>, con una est\u00e9tica que aprovecha la belleza natural de la regi\u00f3n para potenciar el drama emocional de la trama.<\/p>\n<p data-start=\"1659\" data-end=\"2057\">El film tendr\u00e1 un <strong data-start=\"1677\" data-end=\"1750\">estreno anticipado en salas de cine de Argentina desde el 26 de marzo<\/strong>, y luego llegar\u00e1 a <strong data-start=\"1770\" data-end=\"1812\">Netflix a nivel mundial el 1\u00ba de abril<\/strong>. La apuesta de la plataforma por esta producci\u00f3n refuerza su compromiso con el cine argentino y su distribuci\u00f3n global, sumando historias locales con alto impacto emocional para audiencias de todo el mundo.<\/p>\n<p data-start=\"2059\" data-end=\"2347\">Con <em data-start=\"2063\" data-end=\"2082\">El \u00faltimo gigante<\/em>, Carnevale vuelve a explorar las complejidades de las relaciones humanas, esta vez centradas en la posibilidad de perd\u00f3n y reconciliaci\u00f3n, enmarcadas en un paisaje natural que se convierte en un personaje m\u00e1s de la pel\u00edcula.<\/p>\n<div style=\"width: 696px;\" class=\"wp-video\"><video class=\"wp-video-shortcode\" id=\"video-109046-1\" width=\"696\" height=\"392\" preload=\"metadata\" controls=\"controls\"><source type=\"video\/mp4\" src=\"http:\/\/www.cordobatimes.com\/showup\/wp-content\/uploads\/2026\/03\/El-ultimo-gigante-_-Trailer-oficial-_-Netflix.mp4?_=1\" \/><a href=\"http:\/\/www.cordobatimes.com\/showup\/wp-content\/uploads\/2026\/03\/El-ultimo-gigante-_-Trailer-oficial-_-Netflix.mp4\">http:\/\/www.cordobatimes.com\/showup\/wp-content\/uploads\/2026\/03\/El-ultimo-gigante-_-Trailer-oficial-_-Netflix.mp4<\/a><\/video><\/div>\n","protected":false},"excerpt":{"rendered":"<p>La plataforma de streaming Netflix lanz\u00f3 el tr\u00e1iler oficial de El \u00faltimo gigante, una pel\u00edcula argentina dirigida y escrita por Marcos Carnevale que promete ser uno de los estrenos m\u00e1s conmovedores del a\u00f1o. La historia, protagonizada por Oscar Mart\u00ednez y Mat\u00edas Mayer, se desarrolla en los impresionantes paisajes de las Cataratas del Iguaz\u00fa, Misiones, y [&hellip;]<\/p>\n","protected":false},"author":24,"featured_media":109049,"comment_status":"closed","ping_status":"closed","sticky":false,"template":"","format":"standard","meta":{"_seopress_robots_primary_cat":"none","_seopress_titles_title":"","_seopress_titles_desc":"","_seopress_robots_index":"","footnotes":""},"categories":[3],"tags":[42003,42004],"class_list":{"0":"post-109046","1":"post","2":"type-post","3":"status-publish","4":"format-standard","5":"has-post-thumbnail","7":"category-cine-y-series","8":"tag-el-ultimo-gigante","9":"tag-trailer-de-el-ultimo-gigante"},"_links":{"self":[{"href":"https:\/\/www.cordobatimes.com\/showup\/wp-json\/wp\/v2\/posts\/109046","targetHints":{"allow":["GET"]}}],"collection":[{"href":"https:\/\/www.cordobatimes.com\/showup\/wp-json\/wp\/v2\/posts"}],"about":[{"href":"https:\/\/www.cordobatimes.com\/showup\/wp-json\/wp\/v2\/types\/post"}],"author":[{"embeddable":true,"href":"https:\/\/www.cordobatimes.com\/showup\/wp-json\/wp\/v2\/users\/24"}],"replies":[{"embeddable":true,"href":"https:\/\/www.cordobatimes.com\/showup\/wp-json\/wp\/v2\/comments?post=109046"}],"version-history":[{"count":1,"href":"https:\/\/www.cordobatimes.com\/showup\/wp-json\/wp\/v2\/posts\/109046\/revisions"}],"predecessor-version":[{"id":109051,"href":"https:\/\/www.cordobatimes.com\/showup\/wp-json\/wp\/v2\/posts\/109046\/revisions\/109051"}],"wp:featuredmedia":[{"embeddable":true,"href":"https:\/\/www.cordobatimes.com\/showup\/wp-json\/wp\/v2\/media\/109049"}],"wp:attachment":[{"href":"https:\/\/www.cordobatimes.com\/showup\/wp-json\/wp\/v2\/media?parent=109046"}],"wp:term":[{"taxonomy":"category","embeddable":true,"href":"https:\/\/www.cordobatimes.com\/showup\/wp-json\/wp\/v2\/categories?post=109046"},{"taxonomy":"post_tag","embeddable":true,"href":"https:\/\/www.cordobatimes.com\/showup\/wp-json\/wp\/v2\/tags?post=109046"}],"curies":[{"name":"wp","href":"https:\/\/api.w.org\/{rel}","templated":true}]}}