{"id":109040,"date":"2026-03-05T08:35:54","date_gmt":"2026-03-05T11:35:54","guid":{"rendered":"https:\/\/www.cordobatimes.com\/showup\/?p=109040"},"modified":"2026-03-05T08:35:54","modified_gmt":"2026-03-05T11:35:54","slug":"quienes-son-los-nominados-en-la-placa-planta-de-gran-hermano","status":"publish","type":"post","link":"https:\/\/www.cordobatimes.com\/showup\/tv\/2026\/03\/05\/quienes-son-los-nominados-en-la-placa-planta-de-gran-hermano\/","title":{"rendered":"Qui\u00e9nes son los nominados en la placa planta de Gran Hermano"},"content":{"rendered":"<h3 data-start=\"267\" data-end=\"501\"><strong>La casa de Gran Hermano vivi\u00f3 una gala diferente con la implementaci\u00f3n de la llamada \u201cplaca planta\u201d, una modalidad que apunta directamente a los jugadores que, seg\u00fan sus compa\u00f1eros, est\u00e1n teniendo poco protagonismo dentro del reality.<\/strong><\/h3>\n<p data-start=\"503\" data-end=\"546\">En esta primera edici\u00f3n quedaron nominados:<\/p>\n<p data-start=\"548\" data-end=\"667\">Juani Car (fulminado por el l\u00edder de la semana)<br data-start=\"595\" data-end=\"598\" \/>Eduardo<br data-start=\"605\" data-end=\"608\" \/>Yipio<br data-start=\"613\" data-end=\"616\" \/>Cinzia<br data-start=\"622\" data-end=\"625\" \/>Tomy<br data-start=\"629\" data-end=\"632\" \/>Mart\u00edn<br data-start=\"638\" data-end=\"641\" \/>Nazareno<br data-start=\"649\" data-end=\"652\" \/>Titi<br data-start=\"656\" data-end=\"659\" \/>Zunino<\/p>\n<p data-start=\"669\" data-end=\"943\">La din\u00e1mica busca sacudir el juego y obligar a los participantes a mostrarse m\u00e1s activos en estrategias, alianzas y conflictos. En este contexto, la placa qued\u00f3 conformada por nueve jugadores y ser\u00e1 el p\u00fablico quien tenga la \u00faltima palabra en la pr\u00f3xima gala de eliminaci\u00f3n.<\/p>\n<div style=\"width: 640px;\" class=\"wp-video\"><video class=\"wp-video-shortcode\" id=\"video-109040-1\" width=\"640\" height=\"360\" preload=\"metadata\" controls=\"controls\"><source type=\"video\/mp4\" src=\"http:\/\/www.cordobatimes.com\/showup\/wp-content\/uploads\/2026\/03\/ssstwitter.com_1772710005478.mp4?_=1\" \/><a href=\"http:\/\/www.cordobatimes.com\/showup\/wp-content\/uploads\/2026\/03\/ssstwitter.com_1772710005478.mp4\">http:\/\/www.cordobatimes.com\/showup\/wp-content\/uploads\/2026\/03\/ssstwitter.com_1772710005478.mp4<\/a><\/video><\/div>\n","protected":false},"excerpt":{"rendered":"<p>La casa de Gran Hermano vivi\u00f3 una gala diferente con la implementaci\u00f3n de la llamada \u201cplaca planta\u201d, una modalidad que apunta directamente a los jugadores que, seg\u00fan sus compa\u00f1eros, est\u00e1n teniendo poco protagonismo dentro del reality. En esta primera edici\u00f3n quedaron nominados: Juani Car (fulminado por el l\u00edder de la semana)EduardoYipioCinziaTomyMart\u00ednNazarenoTitiZunino La din\u00e1mica busca sacudir [&hellip;]<\/p>\n","protected":false},"author":24,"featured_media":109043,"comment_status":"closed","ping_status":"closed","sticky":false,"template":"","format":"standard","meta":{"_seopress_robots_primary_cat":"none","_seopress_titles_title":"","_seopress_titles_desc":"","_seopress_robots_index":"","footnotes":""},"categories":[2],"tags":[41350,42001,42002],"class_list":{"0":"post-109040","1":"post","2":"type-post","3":"status-publish","4":"format-standard","5":"has-post-thumbnail","7":"category-tv","8":"tag-gran-hermano-generacion-dorada","9":"tag-nominados-en-la-placa-planta-de-gran-hermano","10":"tag-placa-planta-de-gran-hermano"},"_links":{"self":[{"href":"https:\/\/www.cordobatimes.com\/showup\/wp-json\/wp\/v2\/posts\/109040","targetHints":{"allow":["GET"]}}],"collection":[{"href":"https:\/\/www.cordobatimes.com\/showup\/wp-json\/wp\/v2\/posts"}],"about":[{"href":"https:\/\/www.cordobatimes.com\/showup\/wp-json\/wp\/v2\/types\/post"}],"author":[{"embeddable":true,"href":"https:\/\/www.cordobatimes.com\/showup\/wp-json\/wp\/v2\/users\/24"}],"replies":[{"embeddable":true,"href":"https:\/\/www.cordobatimes.com\/showup\/wp-json\/wp\/v2\/comments?post=109040"}],"version-history":[{"count":1,"href":"https:\/\/www.cordobatimes.com\/showup\/wp-json\/wp\/v2\/posts\/109040\/revisions"}],"predecessor-version":[{"id":109045,"href":"https:\/\/www.cordobatimes.com\/showup\/wp-json\/wp\/v2\/posts\/109040\/revisions\/109045"}],"wp:featuredmedia":[{"embeddable":true,"href":"https:\/\/www.cordobatimes.com\/showup\/wp-json\/wp\/v2\/media\/109043"}],"wp:attachment":[{"href":"https:\/\/www.cordobatimes.com\/showup\/wp-json\/wp\/v2\/media?parent=109040"}],"wp:term":[{"taxonomy":"category","embeddable":true,"href":"https:\/\/www.cordobatimes.com\/showup\/wp-json\/wp\/v2\/categories?post=109040"},{"taxonomy":"post_tag","embeddable":true,"href":"https:\/\/www.cordobatimes.com\/showup\/wp-json\/wp\/v2\/tags?post=109040"}],"curies":[{"name":"wp","href":"https:\/\/api.w.org\/{rel}","templated":true}]}}