{"id":109021,"date":"2026-03-04T10:54:43","date_gmt":"2026-03-04T13:54:43","guid":{"rendered":"https:\/\/www.cordobatimes.com\/showup\/?p=109021"},"modified":"2026-03-04T10:54:43","modified_gmt":"2026-03-04T13:54:43","slug":"se-viene-la-placa-planta-lucero-eligio-a-una-jugadora-para-obtener-el-beneficio","status":"publish","type":"post","link":"https:\/\/www.cordobatimes.com\/showup\/tv\/2026\/03\/04\/se-viene-la-placa-planta-lucero-eligio-a-una-jugadora-para-obtener-el-beneficio\/","title":{"rendered":"Se viene la placa planta: Lucero eligi\u00f3 a una jugadora para obtener el beneficio"},"content":{"rendered":"<h3 data-start=\"1729\" data-end=\"2071\"><strong>La producci\u00f3n de <span class=\"whitespace-normal\">Gran Hermano Argentina<\/span> anunci\u00f3 una de las modificaciones m\u00e1s esperadas de esta temporada: la introducci\u00f3n de la \u201cplaca planta\u201d, una nueva modalidad de nominaci\u00f3n que busca poner en el centro del juego a los participantes que pasan m\u00e1s desapercibidos dentro de la casa.<\/strong><\/h3>\n<p data-start=\"2073\" data-end=\"2356\">Seg\u00fan explic\u00f3 el conductor <strong data-start=\"2100\" data-end=\"2121\">Santiago del Moro<\/strong>, la placa planta arrancar\u00e1 esta semana y ser\u00e1 decidida <strong data-start=\"2177\" data-end=\"2233\">desde dentro de la casa por los propios concursantes<\/strong>, marcando un antes y un despu\u00e9s en la din\u00e1mica de juegos tradicionales del programa.<\/p>\n<p data-start=\"2358\" data-end=\"2678\">El concepto de \u201cplanta\u201d, tomado del vocabulario del formato internacional, hace referencia a aquellos concursantes que no generan contenido, evitan los enfrentamientos o simplemente se mantienen en segundo plano, sin involucrarse en las estrategias ni en las conversaciones clave.<\/p>\n<p data-start=\"2680\" data-end=\"2967\">Esta nueva herramienta no reemplaza la placa de eliminaci\u00f3n tradicional, sino que se sumar\u00e1 como <strong data-start=\"2777\" data-end=\"2848\">otra forma de exponer a los participantes al escrutinio del p\u00fablico<\/strong>, obligando a todos a jugar m\u00e1s activamente si quieren evitar quedar se\u00f1alados.<\/p>\n<p data-start=\"2969\" data-end=\"3192\">La decisi\u00f3n de cu\u00e1ndo y c\u00f3mo se habilita la placa planta fue confirmada por Del Moro durante una transmisi\u00f3n especial del canal, generando expectativa entre los fan\u00e1ticos del reality.<\/p>\n<p data-start=\"3194\" data-end=\"3466\">Este anuncio se da justo despu\u00e9s de la <strong data-start=\"3233\" data-end=\"3272\">primera eliminaci\u00f3n de la temporada<\/strong>, en la que el creador de contenido Gabriel Lucero abandon\u00f3 la casa tras perder el mano a mano frente a Yanina Zilli con el 54,8 % de los votos negativos.<\/p>\n<div style=\"width: 640px;\" class=\"wp-video\"><video class=\"wp-video-shortcode\" id=\"video-109021-1\" width=\"640\" height=\"360\" preload=\"metadata\" controls=\"controls\"><source type=\"video\/mp4\" src=\"http:\/\/www.cordobatimes.com\/showup\/wp-content\/uploads\/2026\/03\/ssstwitter.com_1772631561864.mp4?_=1\" \/><a href=\"http:\/\/www.cordobatimes.com\/showup\/wp-content\/uploads\/2026\/03\/ssstwitter.com_1772631561864.mp4\">http:\/\/www.cordobatimes.com\/showup\/wp-content\/uploads\/2026\/03\/ssstwitter.com_1772631561864.mp4<\/a><\/video><\/div>\n","protected":false},"excerpt":{"rendered":"<p>La producci\u00f3n de Gran Hermano Argentina anunci\u00f3 una de las modificaciones m\u00e1s esperadas de esta temporada: la introducci\u00f3n de la \u201cplaca planta\u201d, una nueva modalidad de nominaci\u00f3n que busca poner en el centro del juego a los participantes que pasan m\u00e1s desapercibidos dentro de la casa. Seg\u00fan explic\u00f3 el conductor Santiago del Moro, la placa [&hellip;]<\/p>\n","protected":false},"author":24,"featured_media":108563,"comment_status":"closed","ping_status":"closed","sticky":false,"template":"","format":"standard","meta":{"_seopress_robots_primary_cat":"none","_seopress_titles_title":"","_seopress_titles_desc":"","_seopress_robots_index":"","footnotes":""},"categories":[2],"tags":[41990,41973,41350],"class_list":{"0":"post-109021","1":"post","2":"type-post","3":"status-publish","4":"format-standard","5":"has-post-thumbnail","7":"category-tv","8":"tag-placa-planta","9":"tag-gabriel-lucero-gran-hermano-generacion-dorada","10":"tag-gran-hermano-generacion-dorada"},"_links":{"self":[{"href":"https:\/\/www.cordobatimes.com\/showup\/wp-json\/wp\/v2\/posts\/109021","targetHints":{"allow":["GET"]}}],"collection":[{"href":"https:\/\/www.cordobatimes.com\/showup\/wp-json\/wp\/v2\/posts"}],"about":[{"href":"https:\/\/www.cordobatimes.com\/showup\/wp-json\/wp\/v2\/types\/post"}],"author":[{"embeddable":true,"href":"https:\/\/www.cordobatimes.com\/showup\/wp-json\/wp\/v2\/users\/24"}],"replies":[{"embeddable":true,"href":"https:\/\/www.cordobatimes.com\/showup\/wp-json\/wp\/v2\/comments?post=109021"}],"version-history":[{"count":1,"href":"https:\/\/www.cordobatimes.com\/showup\/wp-json\/wp\/v2\/posts\/109021\/revisions"}],"predecessor-version":[{"id":109025,"href":"https:\/\/www.cordobatimes.com\/showup\/wp-json\/wp\/v2\/posts\/109021\/revisions\/109025"}],"wp:featuredmedia":[{"embeddable":true,"href":"https:\/\/www.cordobatimes.com\/showup\/wp-json\/wp\/v2\/media\/108563"}],"wp:attachment":[{"href":"https:\/\/www.cordobatimes.com\/showup\/wp-json\/wp\/v2\/media?parent=109021"}],"wp:term":[{"taxonomy":"category","embeddable":true,"href":"https:\/\/www.cordobatimes.com\/showup\/wp-json\/wp\/v2\/categories?post=109021"},{"taxonomy":"post_tag","embeddable":true,"href":"https:\/\/www.cordobatimes.com\/showup\/wp-json\/wp\/v2\/tags?post=109021"}],"curies":[{"name":"wp","href":"https:\/\/api.w.org\/{rel}","templated":true}]}}