{"id":109009,"date":"2026-03-04T09:50:46","date_gmt":"2026-03-04T12:50:46","guid":{"rendered":"https:\/\/www.cordobatimes.com\/showup\/?p=109009"},"modified":"2026-03-04T09:50:46","modified_gmt":"2026-03-04T12:50:46","slug":"franco-poggio-usa-su-poder-de-lider-manda-a-juani-car-a-placa-y-anula-nominacion","status":"publish","type":"post","link":"https:\/\/www.cordobatimes.com\/showup\/tv\/2026\/03\/04\/franco-poggio-usa-su-poder-de-lider-manda-a-juani-car-a-placa-y-anula-nominacion\/","title":{"rendered":"Franco Poggio usa su poder de l\u00edder: manda a Juani Car a placa y anula nominaci\u00f3n"},"content":{"rendered":"<h3><strong>En una semana clave de Gran Hermano Argentina Generaci\u00f3n Dorada, el l\u00edder Franco Poggio sorprendi\u00f3 a todos al usar su beneficio de forma estrat\u00e9gica: mand\u00f3 a Juani Car directamente a la \u201cplaca planta\u201d y anul\u00f3 el derecho de nominaci\u00f3n de Eduardo Carrera, alterando por completo el tablero de juego.<\/strong><\/h3>\n<p>La jugada se dio en medio de la implementaci\u00f3n de la nueva modalidad denominada placa planta, que permite se\u00f1alar a participantes que, seg\u00fan la producci\u00f3n y los compa\u00f1eros, no han tenido actividad significativa dentro de la casa.<\/p>\n<p>Franco explic\u00f3 su decisi\u00f3n argumentando que Juani Car no hab\u00eda demostrado la participaci\u00f3n esperada en los desaf\u00edos y debates de la convivencia. Adem\u00e1s, como parte de su poder, dej\u00f3 sin posibilidad de nominar a Eduardo Carrera, lo que provoc\u00f3 reacciones cruzadas entre los dem\u00e1s concursantes.<\/p>\n<p>Algunos jugadores interpretaron la jugada como una movida t\u00e1ctica para afianzar alianzas, mientras que otros cuestionaron el criterio del l\u00edder y lo que esto significar\u00e1 para sus propias estrategias de permanencia en el reality.<\/p>\n<div style=\"width: 696px;\" class=\"wp-video\"><video class=\"wp-video-shortcode\" id=\"video-109009-1\" width=\"696\" height=\"696\" preload=\"metadata\" controls=\"controls\"><source type=\"video\/mp4\" src=\"http:\/\/www.cordobatimes.com\/showup\/wp-content\/uploads\/2026\/03\/gran-hermano-lider-.mp4?_=1\" \/><a href=\"http:\/\/www.cordobatimes.com\/showup\/wp-content\/uploads\/2026\/03\/gran-hermano-lider-.mp4\">http:\/\/www.cordobatimes.com\/showup\/wp-content\/uploads\/2026\/03\/gran-hermano-lider-.mp4<\/a><\/video><\/div>\n<p>&nbsp;<\/p>\n","protected":false},"excerpt":{"rendered":"<p>En una semana clave de Gran Hermano Argentina Generaci\u00f3n Dorada, el l\u00edder Franco Poggio sorprendi\u00f3 a todos al usar su beneficio de forma estrat\u00e9gica: mand\u00f3 a Juani Car directamente a la \u201cplaca planta\u201d y anul\u00f3 el derecho de nominaci\u00f3n de Eduardo Carrera, alterando por completo el tablero de juego. La jugada se dio en medio [&hellip;]<\/p>\n","protected":false},"author":24,"featured_media":109012,"comment_status":"closed","ping_status":"closed","sticky":false,"template":"","format":"standard","meta":{"_seopress_robots_primary_cat":"none","_seopress_titles_title":"","_seopress_titles_desc":"","_seopress_robots_index":"","footnotes":""},"categories":[2],"tags":[41990,41989,41350,41991,41992],"class_list":{"0":"post-109009","1":"post","2":"type-post","3":"status-publish","4":"format-standard","5":"has-post-thumbnail","7":"category-tv","8":"tag-placa-planta","9":"tag-franco-poggio","10":"tag-gran-hermano-generacion-dorada","11":"tag-juani-car","12":"tag-lider-franco-poggio"},"_links":{"self":[{"href":"https:\/\/www.cordobatimes.com\/showup\/wp-json\/wp\/v2\/posts\/109009","targetHints":{"allow":["GET"]}}],"collection":[{"href":"https:\/\/www.cordobatimes.com\/showup\/wp-json\/wp\/v2\/posts"}],"about":[{"href":"https:\/\/www.cordobatimes.com\/showup\/wp-json\/wp\/v2\/types\/post"}],"author":[{"embeddable":true,"href":"https:\/\/www.cordobatimes.com\/showup\/wp-json\/wp\/v2\/users\/24"}],"replies":[{"embeddable":true,"href":"https:\/\/www.cordobatimes.com\/showup\/wp-json\/wp\/v2\/comments?post=109009"}],"version-history":[{"count":1,"href":"https:\/\/www.cordobatimes.com\/showup\/wp-json\/wp\/v2\/posts\/109009\/revisions"}],"predecessor-version":[{"id":109014,"href":"https:\/\/www.cordobatimes.com\/showup\/wp-json\/wp\/v2\/posts\/109009\/revisions\/109014"}],"wp:featuredmedia":[{"embeddable":true,"href":"https:\/\/www.cordobatimes.com\/showup\/wp-json\/wp\/v2\/media\/109012"}],"wp:attachment":[{"href":"https:\/\/www.cordobatimes.com\/showup\/wp-json\/wp\/v2\/media?parent=109009"}],"wp:term":[{"taxonomy":"category","embeddable":true,"href":"https:\/\/www.cordobatimes.com\/showup\/wp-json\/wp\/v2\/categories?post=109009"},{"taxonomy":"post_tag","embeddable":true,"href":"https:\/\/www.cordobatimes.com\/showup\/wp-json\/wp\/v2\/tags?post=109009"}],"curies":[{"name":"wp","href":"https:\/\/api.w.org\/{rel}","templated":true}]}}