{"id":108944,"date":"2026-03-02T20:03:40","date_gmt":"2026-03-02T23:03:40","guid":{"rendered":"https:\/\/www.cordobatimes.com\/showup\/?p=108944"},"modified":"2026-03-02T20:03:40","modified_gmt":"2026-03-02T23:03:40","slug":"la-primera-foto-de-la-hija-de-oriana-sabatini-y-paulo-dybala","status":"publish","type":"post","link":"https:\/\/www.cordobatimes.com\/showup\/famosos\/2026\/03\/02\/la-primera-foto-de-la-hija-de-oriana-sabatini-y-paulo-dybala\/","title":{"rendered":"La primera foto de la hija de Oriana Sabatini y Paulo Dybala"},"content":{"rendered":"<h3 data-start=\"157\" data-end=\"311\"><strong><span class=\"hover:entity-accent entity-underline inline cursor-pointer align-baseline\"><span class=\"whitespace-normal\">Oriana Sabatini<\/span><\/span> y <span class=\"hover:entity-accent entity-underline inline cursor-pointer align-baseline\"><span class=\"whitespace-normal\">Paulo Dybala<\/span><\/span> compartieron la primera imagen de su hija Gia, nacida el 2 de marzo en Roma.<\/strong><\/h3>\n<p data-start=\"313\" data-end=\"670\">La foto fue publicada por Dybala en sus redes sociales pocas horas despu\u00e9s del nacimiento. En la imagen se ve a la reci\u00e9n nacida acostada en lo que parece ser la cl\u00ednica, vestida de blanco. Solo se muestra parte de su rostro y su peque\u00f1a mano sosteniendo el dedo de uno de sus padres. Tambi\u00e9n se observa una mano con alianza, reforzando el momento familiar.<\/p>\n<p data-start=\"672\" data-end=\"812\">La pareja no difundi\u00f3 el peso ni m\u00e1s detalles m\u00e9dicos, pero confirmaron que tanto la beb\u00e9 como Oriana se encuentran en buen estado de salud.<\/p>\n<p data-start=\"814\" data-end=\"981\">El nacimiento se produjo en Italia, donde el futbolista desarrolla su carrera. Con esta imagen, eligieron una presentaci\u00f3n \u00edntima, sin exponer completamente a la ni\u00f1a.<\/p>\n<p data-start=\"814\" data-end=\"981\"><img alt=\"\" loading=\"lazy\" decoding=\"async\" class=\"alignnone wp-image-108948 size-full\" src=\"http:\/\/www.cordobatimes.com\/showup\/wp-content\/uploads\/2026\/03\/paulodybala_643558050_18578714569035823_4840608957658852984_n.jpg\" alt=\"\" width=\"640\" height=\"853\" srcset=\"https:\/\/www.cordobatimes.com\/showup\/wp-content\/uploads\/2026\/03\/paulodybala_643558050_18578714569035823_4840608957658852984_n.jpg 640w, https:\/\/www.cordobatimes.com\/showup\/wp-content\/uploads\/2026\/03\/paulodybala_643558050_18578714569035823_4840608957658852984_n-315x420.jpg 315w, https:\/\/www.cordobatimes.com\/showup\/wp-content\/uploads\/2026\/03\/paulodybala_643558050_18578714569035823_4840608957658852984_n-150x200.jpg 150w, https:\/\/www.cordobatimes.com\/showup\/wp-content\/uploads\/2026\/03\/paulodybala_643558050_18578714569035823_4840608957658852984_n-300x400.jpg 300w\" sizes=\"auto, (max-width: 640px) 100vw, 640px\" \/><\/p>\n","protected":false},"excerpt":{"rendered":"<p>Oriana Sabatini y Paulo Dybala compartieron la primera imagen de su hija Gia, nacida el 2 de marzo en Roma. La foto fue publicada por Dybala en sus redes sociales pocas horas despu\u00e9s del nacimiento. En la imagen se ve a la reci\u00e9n nacida acostada en lo que parece ser la cl\u00ednica, vestida de blanco. [&hellip;]<\/p>\n","protected":false},"author":24,"featured_media":108947,"comment_status":"closed","ping_status":"closed","sticky":false,"template":"","format":"standard","meta":{"_seopress_robots_primary_cat":"none","_seopress_titles_title":"","_seopress_titles_desc":"","_seopress_robots_index":"","footnotes":""},"categories":[12967,4],"tags":[41968,41969,41967,22435,41966],"class_list":{"0":"post-108944","1":"post","2":"type-post","3":"status-publish","4":"format-standard","5":"has-post-thumbnail","7":"category-destacada","8":"category-famosos","9":"tag-gia","10":"tag-gia-hija-de-oriana-sabatini-y-paulo-dybala","11":"tag-hija-de-oriana-sabatini-y-paulo-dybala","12":"tag-oriana-sabatini-y-paulo-dybala","13":"tag-primera-foto-de-la-hija-de-oriana-sabatini-y-paulo-dybala"},"_links":{"self":[{"href":"https:\/\/www.cordobatimes.com\/showup\/wp-json\/wp\/v2\/posts\/108944","targetHints":{"allow":["GET"]}}],"collection":[{"href":"https:\/\/www.cordobatimes.com\/showup\/wp-json\/wp\/v2\/posts"}],"about":[{"href":"https:\/\/www.cordobatimes.com\/showup\/wp-json\/wp\/v2\/types\/post"}],"author":[{"embeddable":true,"href":"https:\/\/www.cordobatimes.com\/showup\/wp-json\/wp\/v2\/users\/24"}],"replies":[{"embeddable":true,"href":"https:\/\/www.cordobatimes.com\/showup\/wp-json\/wp\/v2\/comments?post=108944"}],"version-history":[{"count":1,"href":"https:\/\/www.cordobatimes.com\/showup\/wp-json\/wp\/v2\/posts\/108944\/revisions"}],"predecessor-version":[{"id":108949,"href":"https:\/\/www.cordobatimes.com\/showup\/wp-json\/wp\/v2\/posts\/108944\/revisions\/108949"}],"wp:featuredmedia":[{"embeddable":true,"href":"https:\/\/www.cordobatimes.com\/showup\/wp-json\/wp\/v2\/media\/108947"}],"wp:attachment":[{"href":"https:\/\/www.cordobatimes.com\/showup\/wp-json\/wp\/v2\/media?parent=108944"}],"wp:term":[{"taxonomy":"category","embeddable":true,"href":"https:\/\/www.cordobatimes.com\/showup\/wp-json\/wp\/v2\/categories?post=108944"},{"taxonomy":"post_tag","embeddable":true,"href":"https:\/\/www.cordobatimes.com\/showup\/wp-json\/wp\/v2\/tags?post=108944"}],"curies":[{"name":"wp","href":"https:\/\/api.w.org\/{rel}","templated":true}]}}