{"id":108926,"date":"2026-03-02T10:35:40","date_gmt":"2026-03-02T13:35:40","guid":{"rendered":"https:\/\/www.cordobatimes.com\/showup\/?p=108926"},"modified":"2026-03-02T10:39:13","modified_gmt":"2026-03-02T13:39:13","slug":"benjamin-vicuna-sorprendio-en-el-estreno-de-la-llama-que-llama-asi-fue-su-participacion","status":"publish","type":"post","link":"https:\/\/www.cordobatimes.com\/showup\/cine-y-series\/2026\/03\/02\/benjamin-vicuna-sorprendio-en-el-estreno-de-la-llama-que-llama-asi-fue-su-participacion\/","title":{"rendered":"Benjam\u00edn Vicu\u00f1a sorprendi\u00f3 en el estreno de La Llama que Llama: as\u00ed fue su participaci\u00f3n"},"content":{"rendered":"<h3 data-start=\"95\" data-end=\"298\"><strong>El regreso de <em data-start=\"109\" data-end=\"148\"><span class=\"hover:entity-accent entity-underline inline cursor-pointer align-baseline\"><span class=\"whitespace-normal\">La Llama que Llama<\/span><\/span><\/em>** ya es una realidad y uno de los momentos m\u00e1s comentados del primer episodio fue la aparici\u00f3n especial de <span class=\"hover:entity-accent entity-underline inline cursor-pointer align-baseline\"><span class=\"whitespace-normal\">Benjam\u00edn Vicu\u00f1a<\/span><\/span>.<\/strong><\/h3>\n<p data-start=\"300\" data-end=\"601\">La ic\u00f3nica familia de llamas volvi\u00f3 en formato miniserie a 25 a\u00f1os del fen\u00f3meno publicitario que marc\u00f3 a toda una generaci\u00f3n. Ahora adaptada a una narrativa breve y digital, la producci\u00f3n apuesta a mantener el humor absurdo que la hizo famosa, pero con gui\u00f1os actuales y cameos de figuras reconocidas.<\/p>\n<p data-start=\"603\" data-end=\"922\">En el episodio ya disponible, Vicu\u00f1a se suma a la historia con una participaci\u00f3n que juega con el contraste entre el mundo \u201creal\u201d y el universo delirante de las llamas. Su intervenci\u00f3n funciona como pieza clave dentro del cap\u00edtulo, aportando complicidad y timing humor\u00edstico sin romper la esencia original del proyecto.<\/p>\n<p data-start=\"924\" data-end=\"1190\">En redes sociales, el estreno no pas\u00f3 desapercibido. Muchos usuarios celebraron el regreso nost\u00e1lgico y destacaron la elecci\u00f3n del actor para este cameo, mientras que otros pusieron el foco en c\u00f3mo la serie logra actualizar un cl\u00e1sico noventoso sin perder identidad.<\/p>\n<div style=\"width: 696px;\" class=\"wp-video\"><video class=\"wp-video-shortcode\" id=\"video-108926-1\" width=\"696\" height=\"1237\" preload=\"metadata\" controls=\"controls\"><source type=\"video\/mp4\" src=\"http:\/\/www.cordobatimes.com\/showup\/wp-content\/uploads\/2026\/03\/WhatsApp-Video-2026-03-02-at-10.17.16-AM.mp4?_=1\" \/><a href=\"http:\/\/www.cordobatimes.com\/showup\/wp-content\/uploads\/2026\/03\/WhatsApp-Video-2026-03-02-at-10.17.16-AM.mp4\">http:\/\/www.cordobatimes.com\/showup\/wp-content\/uploads\/2026\/03\/WhatsApp-Video-2026-03-02-at-10.17.16-AM.mp4<\/a><\/video><\/div>\n","protected":false},"excerpt":{"rendered":"<p>El regreso de La Llama que Llama** ya es una realidad y uno de los momentos m\u00e1s comentados del primer episodio fue la aparici\u00f3n especial de Benjam\u00edn Vicu\u00f1a. La ic\u00f3nica familia de llamas volvi\u00f3 en formato miniserie a 25 a\u00f1os del fen\u00f3meno publicitario que marc\u00f3 a toda una generaci\u00f3n. Ahora adaptada a una narrativa breve [&hellip;]<\/p>\n","protected":false},"author":24,"featured_media":108931,"comment_status":"closed","ping_status":"closed","sticky":false,"template":"","format":"standard","meta":{"_seopress_robots_primary_cat":"none","_seopress_titles_title":"","_seopress_titles_desc":"","_seopress_robots_index":"","footnotes":""},"categories":[3],"tags":[1714,41959,41958],"class_list":{"0":"post-108926","1":"post","2":"type-post","3":"status-publish","4":"format-standard","5":"has-post-thumbnail","7":"category-cine-y-series","8":"tag-benjamin-vicuna","9":"tag-benjamin-vicuna-la-llama-que-llama","10":"tag-la-llama-que-llama"},"_links":{"self":[{"href":"https:\/\/www.cordobatimes.com\/showup\/wp-json\/wp\/v2\/posts\/108926","targetHints":{"allow":["GET"]}}],"collection":[{"href":"https:\/\/www.cordobatimes.com\/showup\/wp-json\/wp\/v2\/posts"}],"about":[{"href":"https:\/\/www.cordobatimes.com\/showup\/wp-json\/wp\/v2\/types\/post"}],"author":[{"embeddable":true,"href":"https:\/\/www.cordobatimes.com\/showup\/wp-json\/wp\/v2\/users\/24"}],"replies":[{"embeddable":true,"href":"https:\/\/www.cordobatimes.com\/showup\/wp-json\/wp\/v2\/comments?post=108926"}],"version-history":[{"count":1,"href":"https:\/\/www.cordobatimes.com\/showup\/wp-json\/wp\/v2\/posts\/108926\/revisions"}],"predecessor-version":[{"id":108930,"href":"https:\/\/www.cordobatimes.com\/showup\/wp-json\/wp\/v2\/posts\/108926\/revisions\/108930"}],"wp:featuredmedia":[{"embeddable":true,"href":"https:\/\/www.cordobatimes.com\/showup\/wp-json\/wp\/v2\/media\/108931"}],"wp:attachment":[{"href":"https:\/\/www.cordobatimes.com\/showup\/wp-json\/wp\/v2\/media?parent=108926"}],"wp:term":[{"taxonomy":"category","embeddable":true,"href":"https:\/\/www.cordobatimes.com\/showup\/wp-json\/wp\/v2\/categories?post=108926"},{"taxonomy":"post_tag","embeddable":true,"href":"https:\/\/www.cordobatimes.com\/showup\/wp-json\/wp\/v2\/tags?post=108926"}],"curies":[{"name":"wp","href":"https:\/\/api.w.org\/{rel}","templated":true}]}}