{"id":108914,"date":"2026-03-02T09:51:03","date_gmt":"2026-03-02T12:51:03","guid":{"rendered":"https:\/\/www.cordobatimes.com\/showup\/?p=108914"},"modified":"2026-03-02T09:51:03","modified_gmt":"2026-03-02T12:51:03","slug":"carlota-irrumpe-en-gran-hermano-generacion-dorada-con-energia-arrolladora","status":"publish","type":"post","link":"https:\/\/www.cordobatimes.com\/showup\/tv\/2026\/03\/02\/carlota-irrumpe-en-gran-hermano-generacion-dorada-con-energia-arrolladora\/","title":{"rendered":"Carlota irrumpe en Gran Hermano Generaci\u00f3n Dorada con energ\u00eda arrolladora"},"content":{"rendered":"<h3 data-start=\"479\" data-end=\"835\"><strong>En la \u00faltima gala de <em data-start=\"500\" data-end=\"539\"><span class=\"hover:entity-accent entity-underline inline cursor-pointer align-baseline\"><span class=\"whitespace-normal\">Gran Hermano Generaci\u00f3n Dorada<\/span><\/span><\/em>, la casa m\u00e1s famosa del pa\u00eds volvi\u00f3 a abrir sus puertas para recibir a una nueva participante que promete revolucionar el juego: Carlota, nombre con el que se presenta Carla Bigliani, quien ingresa como reemplazo tras la salida de Divina Gloria.<\/strong><\/h3>\n<p data-start=\"837\" data-end=\"1152\">Con un perfil extrovertido y una presencia que ya ven\u00eda marcando tendencia en redes, Carlota lleg\u00f3 a la casa con una frase de presentaci\u00f3n que llam\u00f3 la atenci\u00f3n: su caracter\u00edstico saludo <strong data-start=\"1024\" data-end=\"1042\">\u201c\u00a1Hola potra!\u201d<\/strong>, que replica cada ma\u00f1ana con sus m\u00e1s de 85 mil seguidores en Instagram.<\/p>\n<p data-start=\"1154\" data-end=\"1439\"><strong data-start=\"1154\" data-end=\"1168\">\u00bfQui\u00e9n es?<\/strong><br data-start=\"1168\" data-end=\"1171\" \/>Carla Bigliani, m\u00e1s conocida como Carlota, es emprendedora de moda: desde su hogar en Buenos Aires dise\u00f1a y comercializa accesorios femeninos como aros, collares, cintos, vinchas y charreteras bajo su marca <em data-start=\"1378\" data-end=\"1400\">\u201cA Lo Mejor Carlota\u201d<\/em>.<\/p>\n<p data-start=\"1441\" data-end=\"1770\">Casada desde 2006 con Vitaliy Verbilov y madre de hijas, combina su vida familiar con su trabajo creativo. Antes de ingresar al reality confes\u00f3, con humor, que repet\u00eda una y otra vez en su barrio que <strong data-start=\"1641\" data-end=\"1673\">\u201cCarlota iba a Gran Hermano\u201d<\/strong>, al punto de que sus vecinos ya se cansaron de escucharlo.<\/p>\n<p data-start=\"1772\" data-end=\"2128\">Desde su ingreso, la nueva participante se muestra con una actitud desenfadada y segura, lista para dejar su marca en cada desaf\u00edo y conversaci\u00f3n dentro de la casa. Con carisma y personalidad arrolladora, Carlota promete ser una de las figuras m\u00e1s comentadas de esta edici\u00f3n, aportando frescura y complicidad al juego.<\/p>\n<div style=\"width: 696px;\" class=\"wp-video\"><video class=\"wp-video-shortcode\" id=\"video-108914-1\" width=\"696\" height=\"392\" preload=\"metadata\" controls=\"controls\"><source type=\"video\/mp4\" src=\"http:\/\/www.cordobatimes.com\/showup\/wp-content\/uploads\/2026\/03\/ssstwitter.com_1772451747403.mp4?_=1\" \/><a href=\"http:\/\/www.cordobatimes.com\/showup\/wp-content\/uploads\/2026\/03\/ssstwitter.com_1772451747403.mp4\">http:\/\/www.cordobatimes.com\/showup\/wp-content\/uploads\/2026\/03\/ssstwitter.com_1772451747403.mp4<\/a><\/video><\/div>\n","protected":false},"excerpt":{"rendered":"<p>En la \u00faltima gala de Gran Hermano Generaci\u00f3n Dorada, la casa m\u00e1s famosa del pa\u00eds volvi\u00f3 a abrir sus puertas para recibir a una nueva participante que promete revolucionar el juego: Carlota, nombre con el que se presenta Carla Bigliani, quien ingresa como reemplazo tras la salida de Divina Gloria. Con un perfil extrovertido y [&hellip;]<\/p>\n","protected":false},"author":24,"featured_media":108917,"comment_status":"closed","ping_status":"closed","sticky":false,"template":"","format":"standard","meta":{"_seopress_robots_primary_cat":"none","_seopress_titles_title":"","_seopress_titles_desc":"","_seopress_robots_index":"","footnotes":""},"categories":[2],"tags":[41953,41954,41350,41955],"class_list":{"0":"post-108914","1":"post","2":"type-post","3":"status-publish","4":"format-standard","5":"has-post-thumbnail","7":"category-tv","8":"tag-carla-bigliani","9":"tag-carla-bigliani-gran-hermano-generacion-dorada","10":"tag-gran-hermano-generacion-dorada","11":"tag-gran-hermano-generacion-dorada-carlota"},"_links":{"self":[{"href":"https:\/\/www.cordobatimes.com\/showup\/wp-json\/wp\/v2\/posts\/108914","targetHints":{"allow":["GET"]}}],"collection":[{"href":"https:\/\/www.cordobatimes.com\/showup\/wp-json\/wp\/v2\/posts"}],"about":[{"href":"https:\/\/www.cordobatimes.com\/showup\/wp-json\/wp\/v2\/types\/post"}],"author":[{"embeddable":true,"href":"https:\/\/www.cordobatimes.com\/showup\/wp-json\/wp\/v2\/users\/24"}],"replies":[{"embeddable":true,"href":"https:\/\/www.cordobatimes.com\/showup\/wp-json\/wp\/v2\/comments?post=108914"}],"version-history":[{"count":1,"href":"https:\/\/www.cordobatimes.com\/showup\/wp-json\/wp\/v2\/posts\/108914\/revisions"}],"predecessor-version":[{"id":108919,"href":"https:\/\/www.cordobatimes.com\/showup\/wp-json\/wp\/v2\/posts\/108914\/revisions\/108919"}],"wp:featuredmedia":[{"embeddable":true,"href":"https:\/\/www.cordobatimes.com\/showup\/wp-json\/wp\/v2\/media\/108917"}],"wp:attachment":[{"href":"https:\/\/www.cordobatimes.com\/showup\/wp-json\/wp\/v2\/media?parent=108914"}],"wp:term":[{"taxonomy":"category","embeddable":true,"href":"https:\/\/www.cordobatimes.com\/showup\/wp-json\/wp\/v2\/categories?post=108914"},{"taxonomy":"post_tag","embeddable":true,"href":"https:\/\/www.cordobatimes.com\/showup\/wp-json\/wp\/v2\/tags?post=108914"}],"curies":[{"name":"wp","href":"https:\/\/api.w.org\/{rel}","templated":true}]}}