{"id":108880,"date":"2026-03-01T10:33:49","date_gmt":"2026-03-01T13:33:49","guid":{"rendered":"https:\/\/www.cordobatimes.com\/showup\/?p=108880"},"modified":"2026-03-01T10:33:49","modified_gmt":"2026-03-01T13:33:49","slug":"dolores-fonzi-dio-un-contundente-discurso-en-los-premios-goya-2026-tras-ganar-con-belen","status":"publish","type":"post","link":"https:\/\/www.cordobatimes.com\/showup\/famosos\/2026\/03\/01\/dolores-fonzi-dio-un-contundente-discurso-en-los-premios-goya-2026-tras-ganar-con-belen\/","title":{"rendered":"Dolores Fonzi dio un contundente discurso en los Premios Goya 2026 tras ganar con Bel\u00e9n"},"content":{"rendered":"<h3 data-start=\"94\" data-end=\"421\"><strong><span class=\"hover:entity-accent entity-underline inline cursor-pointer align-baseline\"><span class=\"whitespace-normal\">Dolores Fonzi<\/span><\/span> fue una de las grandes protagonistas de los <span class=\"hover:entity-accent entity-underline inline cursor-pointer align-baseline\"><span class=\"whitespace-normal\">Premios Goya<\/span><\/span> 2026 luego de que su pel\u00edcula <em data-start=\"244\" data-end=\"251\">Bel\u00e9n<\/em> se consagrara como Mejor pel\u00edcula iberoamericana, uno de los reconocimientos m\u00e1s importantes de la ceremonia organizada por la <span class=\"hover:entity-accent entity-underline inline cursor-pointer align-baseline\"><span class=\"whitespace-normal\">Academia de las Artes y las Ciencias Cinematogr\u00e1ficas de Espa\u00f1a<\/span><\/span>.<\/strong><\/h3>\n<p data-start=\"423\" data-end=\"794\">La actriz y directora argentina subi\u00f3 al escenario visiblemente emocionada para recibir el galard\u00f3n y aprovech\u00f3 el momento para pronunciar un discurso que r\u00e1pidamente se convirti\u00f3 en uno de los m\u00e1s comentados de la noche. Con un tono firme y reflexivo, Fonzi dej\u00f3 un mensaje con fuerte contenido pol\u00edtico y social, en el que advirti\u00f3 sobre el contexto actual y el futuro.<\/p>\n<p data-start=\"796\" data-end=\"1100\">\u201cVengo del futuro, la ultraderecha viene a destruirlo todo\u201d, expres\u00f3 ante el auditorio, generando un profundo silencio entre los presentes. Luego agreg\u00f3: \u201cUstedes que tienen tiempo a\u00fan, no caigan en la trampa\u201d, en una clara referencia a la importancia de la conciencia social y las decisiones colectivas.<\/p>\n<p data-start=\"1102\" data-end=\"1435\">Su intervenci\u00f3n combin\u00f3 emoci\u00f3n, compromiso y posicionamiento, reflejando el esp\u00edritu de la pel\u00edcula <em data-start=\"1203\" data-end=\"1210\">Bel\u00e9n<\/em>, un proyecto que aborda temas vinculados a los derechos, la represi\u00f3n y la memoria. El triunfo en los Goya represent\u00f3 un reconocimiento internacional clave tanto para la pel\u00edcula como para la carrera de Fonzi como directora.<\/p>\n<p data-start=\"1437\" data-end=\"1856\" data-is-last-node=\"\" data-is-only-node=\"\">El premio a Mejor pel\u00edcula iberoamericana consolid\u00f3 a <em data-start=\"1491\" data-end=\"1498\">Bel\u00e9n<\/em> como una de las producciones latinoamericanas m\u00e1s destacadas del a\u00f1o y reafirm\u00f3 el crecimiento de Dolores Fonzi en la industria cinematogr\u00e1fica internacional. Su presencia en el escenario y su contundente discurso marcaron uno de los momentos m\u00e1s fuertes de la ceremonia y confirmaron su lugar como una de las voces m\u00e1s relevantes del cine argentino actual.<\/p>\n<div style=\"width: 696px;\" class=\"wp-video\"><video class=\"wp-video-shortcode\" id=\"video-108880-1\" width=\"696\" height=\"392\" preload=\"metadata\" controls=\"controls\"><source type=\"video\/mp4\" src=\"http:\/\/www.cordobatimes.com\/showup\/wp-content\/uploads\/2026\/03\/ssstwitter.com_1772371618454.mp4?_=1\" \/><a href=\"http:\/\/www.cordobatimes.com\/showup\/wp-content\/uploads\/2026\/03\/ssstwitter.com_1772371618454.mp4\">http:\/\/www.cordobatimes.com\/showup\/wp-content\/uploads\/2026\/03\/ssstwitter.com_1772371618454.mp4<\/a><\/video><\/div>\n","protected":false},"excerpt":{"rendered":"<p>Dolores Fonzi fue una de las grandes protagonistas de los Premios Goya 2026 luego de que su pel\u00edcula Bel\u00e9n se consagrara como Mejor pel\u00edcula iberoamericana, uno de los reconocimientos m\u00e1s importantes de la ceremonia organizada por la Academia de las Artes y las Ciencias Cinematogr\u00e1ficas de Espa\u00f1a. La actriz y directora argentina subi\u00f3 al escenario [&hellip;]<\/p>\n","protected":false},"author":24,"featured_media":108883,"comment_status":"closed","ping_status":"closed","sticky":false,"template":"","format":"standard","meta":{"_seopress_robots_primary_cat":"none","_seopress_titles_title":"","_seopress_titles_desc":"","_seopress_robots_index":"","footnotes":""},"categories":[12967,4],"tags":[41937,41938,41939,2573,41934],"class_list":{"0":"post-108880","1":"post","2":"type-post","3":"status-publish","4":"format-standard","5":"has-post-thumbnail","7":"category-destacada","8":"category-famosos","9":"tag-discurso-de-dolores-fonzi-en-los-premos-goya","10":"tag-discurso-dolores-fonzi","11":"tag-https-x-com-rtvenoticias-status-2027869245120389158s20","12":"tag-premios-goya","13":"tag-premios-goya-2026"},"_links":{"self":[{"href":"https:\/\/www.cordobatimes.com\/showup\/wp-json\/wp\/v2\/posts\/108880","targetHints":{"allow":["GET"]}}],"collection":[{"href":"https:\/\/www.cordobatimes.com\/showup\/wp-json\/wp\/v2\/posts"}],"about":[{"href":"https:\/\/www.cordobatimes.com\/showup\/wp-json\/wp\/v2\/types\/post"}],"author":[{"embeddable":true,"href":"https:\/\/www.cordobatimes.com\/showup\/wp-json\/wp\/v2\/users\/24"}],"replies":[{"embeddable":true,"href":"https:\/\/www.cordobatimes.com\/showup\/wp-json\/wp\/v2\/comments?post=108880"}],"version-history":[{"count":1,"href":"https:\/\/www.cordobatimes.com\/showup\/wp-json\/wp\/v2\/posts\/108880\/revisions"}],"predecessor-version":[{"id":108885,"href":"https:\/\/www.cordobatimes.com\/showup\/wp-json\/wp\/v2\/posts\/108880\/revisions\/108885"}],"wp:featuredmedia":[{"embeddable":true,"href":"https:\/\/www.cordobatimes.com\/showup\/wp-json\/wp\/v2\/media\/108883"}],"wp:attachment":[{"href":"https:\/\/www.cordobatimes.com\/showup\/wp-json\/wp\/v2\/media?parent=108880"}],"wp:term":[{"taxonomy":"category","embeddable":true,"href":"https:\/\/www.cordobatimes.com\/showup\/wp-json\/wp\/v2\/categories?post=108880"},{"taxonomy":"post_tag","embeddable":true,"href":"https:\/\/www.cordobatimes.com\/showup\/wp-json\/wp\/v2\/tags?post=108880"}],"curies":[{"name":"wp","href":"https:\/\/api.w.org\/{rel}","templated":true}]}}