{"id":108875,"date":"2026-03-01T09:54:29","date_gmt":"2026-03-01T12:54:29","guid":{"rendered":"https:\/\/www.cordobatimes.com\/showup\/?p=108875"},"modified":"2026-03-01T09:54:29","modified_gmt":"2026-03-01T12:54:29","slug":"premios-goya-2026-los-domingos-fue-la-gran-ganadora-de-la-noche","status":"publish","type":"post","link":"https:\/\/www.cordobatimes.com\/showup\/cine-y-series\/2026\/03\/01\/premios-goya-2026-los-domingos-fue-la-gran-ganadora-de-la-noche\/","title":{"rendered":"Premios Goya 2026: Los Domingos fue la gran ganadora de la noche"},"content":{"rendered":"<p data-start=\"49\" data-end=\"274\">La 40\u00aa edici\u00f3n de los Premios Goya se celebr\u00f3 en Barcelona y tuvo como gran ganadora a la pel\u00edcula <em data-start=\"148\" data-end=\"162\">Los domingos<\/em>, que obtuvo cinco premios, incluyendo Mejor pel\u00edcula y Mejor direcci\u00f3n.<\/p>\n<p data-start=\"276\" data-end=\"327\"><strong>A continuaci\u00f3n, la lista completa de ganadores:<\/strong><\/p>\n<h2 data-start=\"334\" data-end=\"359\"><strong>Premios principales<\/strong><\/h2>\n<p data-start=\"361\" data-end=\"381\"><strong data-start=\"361\" data-end=\"379\">Mejor pel\u00edcula<\/strong><\/p>\n<ul data-start=\"382\" data-end=\"438\">\n<li data-start=\"382\" data-end=\"438\">\n<p data-start=\"384\" data-end=\"438\"><em data-start=\"384\" data-end=\"398\">Los domingos<\/em><\/p>\n<\/li>\n<\/ul>\n<p data-start=\"440\" data-end=\"461\"><strong data-start=\"440\" data-end=\"459\">Mejor direcci\u00f3n<\/strong><\/p>\n<ul data-start=\"462\" data-end=\"540\">\n<li data-start=\"462\" data-end=\"540\">\n<p data-start=\"464\" data-end=\"540\">Alauda Ruiz de Az\u00faa \u2013 <em data-start=\"486\" data-end=\"500\">Los domingos<\/em><\/p>\n<\/li>\n<\/ul>\n<p data-start=\"542\" data-end=\"573\"><strong data-start=\"542\" data-end=\"571\">Mejor actriz protagonista<\/strong><\/p>\n<ul data-start=\"574\" data-end=\"654\">\n<li data-start=\"574\" data-end=\"654\">\n<p data-start=\"576\" data-end=\"654\">Patricia L\u00f3pez Arnaiz \u2013 <em data-start=\"600\" data-end=\"614\">Los domingos<\/em><\/p>\n<\/li>\n<\/ul>\n<p data-start=\"656\" data-end=\"686\"><strong data-start=\"656\" data-end=\"684\">Mejor actor protagonista<\/strong><\/p>\n<ul data-start=\"687\" data-end=\"761\">\n<li data-start=\"687\" data-end=\"761\">\n<p data-start=\"689\" data-end=\"761\">Jos\u00e9 Ram\u00f3n Soroiz \u2013 <em data-start=\"709\" data-end=\"721\">Maspalomas<\/em><\/p>\n<\/li>\n<\/ul>\n<p data-start=\"763\" data-end=\"792\"><strong data-start=\"763\" data-end=\"790\">Mejor actriz de reparto<\/strong><\/p>\n<ul data-start=\"793\" data-end=\"867\">\n<li data-start=\"793\" data-end=\"867\">\n<p data-start=\"795\" data-end=\"867\">Nagore Aramburu \u2013 <em data-start=\"813\" data-end=\"827\">Los domingos<\/em><\/p>\n<\/li>\n<\/ul>\n<p data-start=\"869\" data-end=\"897\"><strong data-start=\"869\" data-end=\"895\">Mejor actor de reparto<\/strong><\/p>\n<ul data-start=\"898\" data-end=\"966\">\n<li data-start=\"898\" data-end=\"966\">\n<p data-start=\"900\" data-end=\"966\">\u00c1lvaro Cervantes \u2013 <em data-start=\"919\" data-end=\"926\">Sorda<\/em><\/p>\n<\/li>\n<\/ul>\n<h2 data-start=\"973\" data-end=\"1004\">\u00a0<strong>Premios a nuevos talentos<\/strong><\/h2>\n<p data-start=\"1006\" data-end=\"1035\"><strong data-start=\"1006\" data-end=\"1033\">Mejor actriz revelaci\u00f3n<\/strong><\/p>\n<ul data-start=\"1036\" data-end=\"1100\">\n<li data-start=\"1036\" data-end=\"1100\">\n<p data-start=\"1038\" data-end=\"1100\">Miriam Garlo \u2013 <em data-start=\"1053\" data-end=\"1060\">Sorda<\/em><\/p>\n<\/li>\n<\/ul>\n<p data-start=\"1102\" data-end=\"1130\"><strong data-start=\"1102\" data-end=\"1128\">Mejor actor revelaci\u00f3n<\/strong><\/p>\n<ul data-start=\"1131\" data-end=\"1226\">\n<li data-start=\"1131\" data-end=\"1226\">\n<p data-start=\"1133\" data-end=\"1226\">Antonio \u201cToni\u201d Fern\u00e1ndez Gabarre \u2013 <em data-start=\"1168\" data-end=\"1186\">Ciudad sin sue\u00f1o<\/em><\/p>\n<\/li>\n<\/ul>\n<p data-start=\"1228\" data-end=\"1255\"><strong data-start=\"1228\" data-end=\"1253\">Mejor direcci\u00f3n novel<\/strong><\/p>\n<ul data-start=\"1256\" data-end=\"1320\">\n<li data-start=\"1256\" data-end=\"1320\">\n<p data-start=\"1258\" data-end=\"1320\">Eva Libertad \u2013 <em data-start=\"1273\" data-end=\"1280\">Sorda<\/em><\/p>\n<\/li>\n<\/ul>\n<h2 data-start=\"1327\" data-end=\"1338\">\u00a0<strong>Guion<\/strong><\/h2>\n<p data-start=\"1340\" data-end=\"1366\"><strong data-start=\"1340\" data-end=\"1364\">Mejor guion original<\/strong><\/p>\n<ul data-start=\"1367\" data-end=\"1447\">\n<li data-start=\"1367\" data-end=\"1447\">\n<p data-start=\"1369\" data-end=\"1447\">Alauda Ruiz de Az\u00faa \u2013 <em data-start=\"1391\" data-end=\"1405\">Los domingos<\/em><\/p>\n<\/li>\n<\/ul>\n<p data-start=\"1449\" data-end=\"1475\"><strong data-start=\"1449\" data-end=\"1473\">Mejor guion adaptado<\/strong><\/p>\n<ul data-start=\"1476\" data-end=\"1596\">\n<li data-start=\"1476\" data-end=\"1596\">\n<p data-start=\"1478\" data-end=\"1596\">Joaqu\u00edn Oristrell, Manuel G\u00f3mez Pereira y Yolanda Garc\u00eda Serrano \u2013 <em data-start=\"1545\" data-end=\"1554\">La cena<\/em><\/p>\n<\/li>\n<\/ul>\n<h2 data-start=\"1603\" data-end=\"1625\"><strong>Premios t\u00e9cnicos<\/strong><\/h2>\n<p data-start=\"1627\" data-end=\"1654\"><strong data-start=\"1627\" data-end=\"1652\">Mejor m\u00fasica original<\/strong><\/p>\n<ul data-start=\"1655\" data-end=\"1721\">\n<li data-start=\"1655\" data-end=\"1721\">\n<p data-start=\"1657\" data-end=\"1721\">Kangding Ray \u2013 <em data-start=\"1672\" data-end=\"1679\">Sir\u00e2t<\/em><\/p>\n<\/li>\n<\/ul>\n<p data-start=\"1723\" data-end=\"1751\"><strong data-start=\"1723\" data-end=\"1749\">Mejor canci\u00f3n original<\/strong><\/p>\n<ul data-start=\"1752\" data-end=\"1851\">\n<li data-start=\"1752\" data-end=\"1851\">\n<p data-start=\"1754\" data-end=\"1851\">\u201cFlores para Antonio\u201d \u2013 Alba Flores y S\u00edlvia P\u00e9rez Cruz<\/p>\n<\/li>\n<\/ul>\n<p data-start=\"1853\" data-end=\"1875\"><strong data-start=\"1853\" data-end=\"1873\">Mejor fotograf\u00eda<\/strong><\/p>\n<ul data-start=\"1876\" data-end=\"1941\">\n<li data-start=\"1876\" data-end=\"1941\">\n<p data-start=\"1878\" data-end=\"1941\">Mauro Herce \u2013 <em data-start=\"1892\" data-end=\"1899\">Sir\u00e2t<\/em><\/p>\n<\/li>\n<\/ul>\n<p data-start=\"1943\" data-end=\"1962\"><strong data-start=\"1943\" data-end=\"1960\">Mejor montaje<\/strong><\/p>\n<ul data-start=\"1963\" data-end=\"2036\">\n<li data-start=\"1963\" data-end=\"2036\">\n<p data-start=\"1965\" data-end=\"2036\">Crist\u00f3bal Fern\u00e1ndez \u2013 <em data-start=\"1987\" data-end=\"1994\">Sir\u00e2t<\/em><\/p>\n<\/li>\n<\/ul>\n<p data-start=\"2038\" data-end=\"2067\"><strong data-start=\"2038\" data-end=\"2065\">Mejor direcci\u00f3n de arte<\/strong><\/p>\n<ul data-start=\"2068\" data-end=\"2137\">\n<li data-start=\"2068\" data-end=\"2137\">\n<p data-start=\"2070\" data-end=\"2137\">Laia Ateca Font \u2013 <em data-start=\"2088\" data-end=\"2095\">Sir\u00e2t<\/em><\/p>\n<\/li>\n<\/ul>\n<p data-start=\"2139\" data-end=\"2157\"><strong data-start=\"2139\" data-end=\"2155\">Mejor sonido<\/strong><\/p>\n<ul data-start=\"2158\" data-end=\"2209\">\n<li data-start=\"2158\" data-end=\"2209\">\n<p data-start=\"2160\" data-end=\"2209\"><em data-start=\"2160\" data-end=\"2167\">Sir\u00e2t<\/em><\/p>\n<\/li>\n<\/ul>\n<p data-start=\"2211\" data-end=\"2246\"><strong data-start=\"2211\" data-end=\"2244\">Mejor direcci\u00f3n de producci\u00f3n<\/strong><\/p>\n<ul data-start=\"2247\" data-end=\"2312\">\n<li data-start=\"2247\" data-end=\"2312\">\n<p data-start=\"2249\" data-end=\"2312\">Oriol Maym\u00f3 \u2013 <em data-start=\"2263\" data-end=\"2270\">Sir\u00e2t<\/em><\/p>\n<\/li>\n<\/ul>\n<p data-start=\"2314\" data-end=\"2335\"><strong data-start=\"2314\" data-end=\"2333\">Mejor vestuario<\/strong><\/p>\n<ul data-start=\"2336\" data-end=\"2406\">\n<li data-start=\"2336\" data-end=\"2406\">\n<p data-start=\"2338\" data-end=\"2406\">Helena Sanch\u00eds \u2013 <em data-start=\"2355\" data-end=\"2364\">La cena<\/em><\/p>\n<\/li>\n<\/ul>\n<p data-start=\"2408\" data-end=\"2443\"><strong data-start=\"2408\" data-end=\"2441\">Mejor maquillaje y peluquer\u00eda<\/strong><\/p>\n<ul data-start=\"2444\" data-end=\"2500\">\n<li data-start=\"2444\" data-end=\"2500\">\n<p data-start=\"2446\" data-end=\"2500\"><em data-start=\"2446\" data-end=\"2458\">El cautivo<\/em><\/p>\n<\/li>\n<\/ul>\n<p data-start=\"2502\" data-end=\"2534\"><strong data-start=\"2502\" data-end=\"2532\">Mejores efectos especiales<\/strong><\/p>\n<ul data-start=\"2535\" data-end=\"2591\">\n<li data-start=\"2535\" data-end=\"2591\">\n<p data-start=\"2537\" data-end=\"2591\"><em data-start=\"2537\" data-end=\"2549\">Los tigres<\/em><\/p>\n<\/li>\n<\/ul>\n<h2 data-start=\"2598\" data-end=\"2624\"><strong>Pel\u00edculas destacadas<\/strong><\/h2>\n<p data-start=\"2626\" data-end=\"2661\"><strong data-start=\"2626\" data-end=\"2659\">Mejor pel\u00edcula iberoamericana<\/strong><\/p>\n<ul data-start=\"2662\" data-end=\"2741\">\n<li data-start=\"2662\" data-end=\"2741\">\n<p data-start=\"2664\" data-end=\"2741\"><em data-start=\"2664\" data-end=\"2671\">Bel\u00e9n<\/em> (Argentina) \u2013 Dolores Fonzi<\/p>\n<\/li>\n<\/ul>\n<p data-start=\"2743\" data-end=\"2771\"><strong data-start=\"2743\" data-end=\"2769\">Mejor pel\u00edcula europea<\/strong><\/p>\n<ul data-start=\"2772\" data-end=\"2851\">\n<li data-start=\"2772\" data-end=\"2851\">\n<p data-start=\"2774\" data-end=\"2851\"><em data-start=\"2774\" data-end=\"2793\">Valor sentimental<\/em> \u2013 Joachim Trier<\/p>\n<\/li>\n<\/ul>\n<p data-start=\"2853\" data-end=\"2884\"><strong data-start=\"2853\" data-end=\"2882\">Mejor pel\u00edcula documental<\/strong><\/p>\n<ul data-start=\"2885\" data-end=\"2948\">\n<li data-start=\"2885\" data-end=\"2948\">\n<p data-start=\"2887\" data-end=\"2948\"><em data-start=\"2887\" data-end=\"2906\">Tardes de soledad<\/em><\/p>\n<\/li>\n<\/ul>\n<p data-start=\"2950\" data-end=\"2983\"><strong data-start=\"2950\" data-end=\"2981\">Mejor pel\u00edcula de animaci\u00f3n<\/strong><\/p>\n<ul data-start=\"2984\" data-end=\"3038\">\n<li data-start=\"2984\" data-end=\"3038\">\n<p data-start=\"2986\" data-end=\"3038\"><em data-start=\"2986\" data-end=\"2996\">Decorado<\/em><\/p>\n<\/li>\n<\/ul>\n<h2 data-start=\"3045\" data-end=\"3065\">\u00a0<strong>Cortometrajes<\/strong><\/h2>\n<p data-start=\"3067\" data-end=\"3102\"><strong data-start=\"3067\" data-end=\"3100\">Mejor cortometraje de ficci\u00f3n<\/strong><\/p>\n<ul data-start=\"3103\" data-end=\"3162\">\n<li data-start=\"3103\" data-end=\"3162\">\n<p data-start=\"3105\" data-end=\"3162\"><em data-start=\"3105\" data-end=\"3120\">\u00c1ngulo muerto<\/em><\/p>\n<\/li>\n<\/ul>\n<p data-start=\"3164\" data-end=\"3199\"><strong data-start=\"3164\" data-end=\"3197\">Mejor cortometraje documental<\/strong><\/p>\n<ul data-start=\"3200\" data-end=\"3254\">\n<li data-start=\"3200\" data-end=\"3254\">\n<p data-start=\"3202\" data-end=\"3254\"><em data-start=\"3202\" data-end=\"3212\">El santo<\/em><\/p>\n<\/li>\n<\/ul>\n<p data-start=\"3256\" data-end=\"3293\"><strong data-start=\"3256\" data-end=\"3291\">Mejor cortometraje de animaci\u00f3n<\/strong><\/p>\n<ul data-start=\"3294\" data-end=\"3347\">\n<li data-start=\"3294\" data-end=\"3347\">\n<p data-start=\"3296\" data-end=\"3347\"><em data-start=\"3296\" data-end=\"3305\">Gilbert<\/em><\/p>\n<\/li>\n<\/ul>\n<h2 data-start=\"3354\" data-end=\"3387\"><strong>Lo m\u00e1s destacado de la noche<\/strong><\/h2>\n<ul data-start=\"3389\" data-end=\"3712\">\n<li data-start=\"3389\" data-end=\"3487\">\n<p data-start=\"3391\" data-end=\"3487\"><em data-start=\"3391\" data-end=\"3405\">Los domingos<\/em> fue la gran ganadora con cinco premios.<\/p>\n<\/li>\n<li data-start=\"3488\" data-end=\"3592\">\n<p data-start=\"3490\" data-end=\"3592\"><em data-start=\"3490\" data-end=\"3497\">Sir\u00e2t<\/em> domin\u00f3 las categor\u00edas t\u00e9cnicas con seis estatuillas.<\/p>\n<\/li>\n<li data-start=\"3593\" data-end=\"3712\">\n<p data-start=\"3595\" data-end=\"3712\">La pel\u00edcula argentina <em data-start=\"3617\" data-end=\"3624\">Bel\u00e9n<\/em> gan\u00f3 el Goya a Mejor pel\u00edcula iberoamericana.<\/p>\n<\/li>\n<\/ul>\n","protected":false},"excerpt":{"rendered":"<p>La 40\u00aa edici\u00f3n de los Premios Goya se celebr\u00f3 en Barcelona y tuvo como gran ganadora a la pel\u00edcula Los domingos, que obtuvo cinco premios, incluyendo Mejor pel\u00edcula y Mejor direcci\u00f3n. A continuaci\u00f3n, la lista completa de ganadores: Premios principales Mejor pel\u00edcula Los domingos Mejor direcci\u00f3n Alauda Ruiz de Az\u00faa \u2013 Los domingos Mejor actriz [&hellip;]<\/p>\n","protected":false},"author":24,"featured_media":108878,"comment_status":"closed","ping_status":"closed","sticky":false,"template":"","format":"standard","meta":{"_seopress_robots_primary_cat":"none","_seopress_titles_title":"","_seopress_titles_desc":"","_seopress_robots_index":"","footnotes":""},"categories":[3],"tags":[41936,41935,41934],"class_list":{"0":"post-108875","1":"post","2":"type-post","3":"status-publish","4":"format-standard","5":"has-post-thumbnail","7":"category-cine-y-series","8":"tag-ganadores-de-los-premios-goya","9":"tag-ganadores-de-los-premios-goya-2026","10":"tag-premios-goya-2026"},"_links":{"self":[{"href":"https:\/\/www.cordobatimes.com\/showup\/wp-json\/wp\/v2\/posts\/108875","targetHints":{"allow":["GET"]}}],"collection":[{"href":"https:\/\/www.cordobatimes.com\/showup\/wp-json\/wp\/v2\/posts"}],"about":[{"href":"https:\/\/www.cordobatimes.com\/showup\/wp-json\/wp\/v2\/types\/post"}],"author":[{"embeddable":true,"href":"https:\/\/www.cordobatimes.com\/showup\/wp-json\/wp\/v2\/users\/24"}],"replies":[{"embeddable":true,"href":"https:\/\/www.cordobatimes.com\/showup\/wp-json\/wp\/v2\/comments?post=108875"}],"version-history":[{"count":1,"href":"https:\/\/www.cordobatimes.com\/showup\/wp-json\/wp\/v2\/posts\/108875\/revisions"}],"predecessor-version":[{"id":108879,"href":"https:\/\/www.cordobatimes.com\/showup\/wp-json\/wp\/v2\/posts\/108875\/revisions\/108879"}],"wp:featuredmedia":[{"embeddable":true,"href":"https:\/\/www.cordobatimes.com\/showup\/wp-json\/wp\/v2\/media\/108878"}],"wp:attachment":[{"href":"https:\/\/www.cordobatimes.com\/showup\/wp-json\/wp\/v2\/media?parent=108875"}],"wp:term":[{"taxonomy":"category","embeddable":true,"href":"https:\/\/www.cordobatimes.com\/showup\/wp-json\/wp\/v2\/categories?post=108875"},{"taxonomy":"post_tag","embeddable":true,"href":"https:\/\/www.cordobatimes.com\/showup\/wp-json\/wp\/v2\/tags?post=108875"}],"curies":[{"name":"wp","href":"https:\/\/api.w.org\/{rel}","templated":true}]}}