{"id":108852,"date":"2026-02-28T12:07:47","date_gmt":"2026-02-28T15:07:47","guid":{"rendered":"https:\/\/www.cordobatimes.com\/showup\/?p=108852"},"modified":"2026-02-28T12:07:47","modified_gmt":"2026-02-28T15:07:47","slug":"moschino-celebro-la-identidad-argentina-en-milan-con-adrian-appiolaza","status":"publish","type":"post","link":"https:\/\/www.cordobatimes.com\/showup\/moda-y-estilos\/2026\/02\/28\/moschino-celebro-la-identidad-argentina-en-milan-con-adrian-appiolaza\/","title":{"rendered":"Moschino celebr\u00f3 la identidad argentina en Mil\u00e1n con Adrian Appiolaza"},"content":{"rendered":"<h3 data-start=\"341\" data-end=\"679\"><strong><span class=\"hover:entity-accent entity-underline inline cursor-pointer align-baseline\"><span class=\"whitespace-normal\">Moschino<\/span><\/span> present\u00f3 su colecci\u00f3n oto\u00f1o\/invierno 2026 en la <span class=\"hover:entity-accent entity-underline inline cursor-pointer align-baseline\"><span class=\"whitespace-normal\">Semana de la Moda de Mil\u00e1n<\/span><\/span> con una propuesta que sorprendi\u00f3 por su fuerte impronta argentina. Bajo la direcci\u00f3n creativa de <span class=\"hover:entity-accent entity-underline inline cursor-pointer align-baseline\"><span class=\"whitespace-normal\">Adrian Appiolaza<\/span><\/span>, la firma italiana convirti\u00f3 la pasarela en una verdadera oda cultural al pa\u00eds.<\/strong><\/h3>\n<p data-start=\"681\" data-end=\"1111\">El dise\u00f1ador, nacido en Buenos Aires y reconocido por su mirada conceptual, construy\u00f3 una colecci\u00f3n que fusion\u00f3 el ADN irreverente de Moschino con s\u00edmbolos profundamente arraigados en la identidad argentina. La propuesta incluy\u00f3 referencias a figuras hist\u00f3ricas como <span class=\"hover:entity-accent entity-underline inline cursor-pointer align-baseline\"><span class=\"whitespace-normal\">Eva Per\u00f3n<\/span><\/span>, \u00edconos populares como <span class=\"hover:entity-accent entity-underline inline cursor-pointer align-baseline\"><span class=\"whitespace-normal\">Mafalda<\/span><\/span> y homenajes al legendario <span class=\"hover:entity-accent entity-underline inline cursor-pointer align-baseline\"><span class=\"whitespace-normal\">Carlos Gardel<\/span><\/span>.<\/p>\n<p data-start=\"1113\" data-end=\"1357\">Tambi\u00e9n se incorporaron elementos visuales inspirados en el <span class=\"hover:entity-accent entity-underline inline cursor-pointer align-baseline\"><span class=\"whitespace-normal\">Obelisco de Buenos Aires<\/span><\/span>, el fileteado porte\u00f1o, las bombachas de campo y la est\u00e9tica del peso argentino, reinterpretados desde una perspectiva contempor\u00e1nea y sofisticada.<\/p>\n<p data-start=\"1359\" data-end=\"1655\">Las prendas combinaron sastrer\u00eda estructurada, estampas gr\u00e1ficas y detalles simb\u00f3licos que dialogaron con la historia, la pol\u00edtica y la cultura popular. La colecci\u00f3n mantuvo el esp\u00edritu l\u00fadico caracter\u00edstico de Moschino, pero sum\u00f3 una dimensi\u00f3n emocional al conectar con las ra\u00edces del dise\u00f1ador.<\/p>\n<p data-start=\"1657\" data-end=\"1982\">Desde su llegada como director creativo en 2024, Appiolaza impuls\u00f3 una nueva etapa en la marca, apostando por narrativas m\u00e1s personales y culturales. Esta colecci\u00f3n marc\u00f3 uno de los momentos m\u00e1s significativos de su gesti\u00f3n, al posicionar la identidad argentina en el centro de una de las pasarelas m\u00e1s influyentes del mundo.<\/p>\n<p data-start=\"1657\" data-end=\"1982\"><img alt=\"\" loading=\"lazy\" decoding=\"async\" class=\"alignnone wp-image-108856 size-full\" src=\"http:\/\/www.cordobatimes.com\/showup\/wp-content\/uploads\/2026\/02\/Pantallazo-28-02-2026-11.54.08.jpg\" alt=\"\" width=\"570\" height=\"851\" srcset=\"https:\/\/www.cordobatimes.com\/showup\/wp-content\/uploads\/2026\/02\/Pantallazo-28-02-2026-11.54.08.jpg 570w, https:\/\/www.cordobatimes.com\/showup\/wp-content\/uploads\/2026\/02\/Pantallazo-28-02-2026-11.54.08-281x420.jpg 281w, https:\/\/www.cordobatimes.com\/showup\/wp-content\/uploads\/2026\/02\/Pantallazo-28-02-2026-11.54.08-150x224.jpg 150w, https:\/\/www.cordobatimes.com\/showup\/wp-content\/uploads\/2026\/02\/Pantallazo-28-02-2026-11.54.08-300x448.jpg 300w\" sizes=\"auto, (max-width: 570px) 100vw, 570px\" \/><\/p>\n<div style=\"width: 576px;\" class=\"wp-video\"><video class=\"wp-video-shortcode\" id=\"video-108852-1\" width=\"576\" height=\"1024\" preload=\"metadata\" controls=\"controls\"><source type=\"video\/mp4\" src=\"http:\/\/www.cordobatimes.com\/showup\/wp-content\/uploads\/2026\/02\/showuprevista-12.mp4?_=1\" \/><a href=\"http:\/\/www.cordobatimes.com\/showup\/wp-content\/uploads\/2026\/02\/showuprevista-12.mp4\">http:\/\/www.cordobatimes.com\/showup\/wp-content\/uploads\/2026\/02\/showuprevista-12.mp4<\/a><\/video><\/div>\n","protected":false},"excerpt":{"rendered":"<p>Moschino present\u00f3 su colecci\u00f3n oto\u00f1o\/invierno 2026 en la Semana de la Moda de Mil\u00e1n con una propuesta que sorprendi\u00f3 por su fuerte impronta argentina. Bajo la direcci\u00f3n creativa de Adrian Appiolaza, la firma italiana convirti\u00f3 la pasarela en una verdadera oda cultural al pa\u00eds. El dise\u00f1ador, nacido en Buenos Aires y reconocido por su mirada [&hellip;]<\/p>\n","protected":false},"author":24,"featured_media":108855,"comment_status":"closed","ping_status":"closed","sticky":false,"template":"","format":"standard","meta":{"_seopress_robots_primary_cat":"none","_seopress_titles_title":"","_seopress_titles_desc":"","_seopress_robots_index":"","footnotes":""},"categories":[228],"tags":[41923,41924,41921,41922],"class_list":{"0":"post-108852","1":"post","2":"type-post","3":"status-publish","4":"format-standard","5":"has-post-thumbnail","7":"category-moda-y-estilos","8":"tag-identidad-argentina-en-milan","9":"tag-moschino-argentina","10":"tag-moschino-celebro-la-identidad-argentina","11":"tag-moschino-celebro-la-identidad-argentina-en-milan"},"_links":{"self":[{"href":"https:\/\/www.cordobatimes.com\/showup\/wp-json\/wp\/v2\/posts\/108852","targetHints":{"allow":["GET"]}}],"collection":[{"href":"https:\/\/www.cordobatimes.com\/showup\/wp-json\/wp\/v2\/posts"}],"about":[{"href":"https:\/\/www.cordobatimes.com\/showup\/wp-json\/wp\/v2\/types\/post"}],"author":[{"embeddable":true,"href":"https:\/\/www.cordobatimes.com\/showup\/wp-json\/wp\/v2\/users\/24"}],"replies":[{"embeddable":true,"href":"https:\/\/www.cordobatimes.com\/showup\/wp-json\/wp\/v2\/comments?post=108852"}],"version-history":[{"count":1,"href":"https:\/\/www.cordobatimes.com\/showup\/wp-json\/wp\/v2\/posts\/108852\/revisions"}],"predecessor-version":[{"id":108858,"href":"https:\/\/www.cordobatimes.com\/showup\/wp-json\/wp\/v2\/posts\/108852\/revisions\/108858"}],"wp:featuredmedia":[{"embeddable":true,"href":"https:\/\/www.cordobatimes.com\/showup\/wp-json\/wp\/v2\/media\/108855"}],"wp:attachment":[{"href":"https:\/\/www.cordobatimes.com\/showup\/wp-json\/wp\/v2\/media?parent=108852"}],"wp:term":[{"taxonomy":"category","embeddable":true,"href":"https:\/\/www.cordobatimes.com\/showup\/wp-json\/wp\/v2\/categories?post=108852"},{"taxonomy":"post_tag","embeddable":true,"href":"https:\/\/www.cordobatimes.com\/showup\/wp-json\/wp\/v2\/tags?post=108852"}],"curies":[{"name":"wp","href":"https:\/\/api.w.org\/{rel}","templated":true}]}}