{"id":108841,"date":"2026-02-28T11:00:27","date_gmt":"2026-02-28T14:00:27","guid":{"rendered":"https:\/\/www.cordobatimes.com\/showup\/?p=108841"},"modified":"2026-02-28T11:00:27","modified_gmt":"2026-02-28T14:00:27","slug":"milan-fashion-week-2026-las-tendencias-que-marcaran-la-proxima-temporada","status":"publish","type":"post","link":"https:\/\/www.cordobatimes.com\/showup\/moda-y-estilos\/2026\/02\/28\/milan-fashion-week-2026-las-tendencias-que-marcaran-la-proxima-temporada\/","title":{"rendered":"Milan fashion week 2026: las tendencias que marcar\u00e1n la pr\u00f3xima temporada"},"content":{"rendered":"<h3><strong>La Milan Fashion Week oto\u00f1o-invierno 2026 est\u00e1 confirmando un cambio claro en la moda global: el regreso de la sensualidad, el maximalismo y las referencias vintage, combinados con nuevas interpretaciones modernas. Estas son las tendencias m\u00e1s fuertes vistas hasta ahora en las pasarelas italianas.<\/strong><\/h3>\n<h3 data-start=\"363\" data-end=\"408\"><strong>El regreso del estilo noventoso y sensual<\/strong><\/h3>\n<p data-start=\"409\" data-end=\"729\">Uno de los ejes principales fue la reinterpretaci\u00f3n del estilo de los a\u00f1os 90 y principios de los 2000. En su debut para Gucci, Demna apost\u00f3 por minivestidos ajustados, pantalones de tiro bajo, transparencias y accesorios con logos visibles, evocando el legado de la era Tom Ford.<\/p>\n<p data-start=\"731\" data-end=\"882\">Tambi\u00e9n se destacaron vestidos lenceros, siluetas ce\u00f1idas al cuerpo y piezas que enfatizan la sensualidad femenina desde una perspectiva contempor\u00e1nea.<\/p>\n<p data-start=\"731\" data-end=\"882\"><img alt=\"\" loading=\"lazy\" decoding=\"async\" class=\"alignnone wp-image-108845 size-full\" src=\"http:\/\/www.cordobatimes.com\/showup\/wp-content\/uploads\/2026\/02\/mVVkoHz2CnDyBDNJF9KWCX.jpg\" alt=\"\" width=\"1320\" height=\"1980\" srcset=\"https:\/\/www.cordobatimes.com\/showup\/wp-content\/uploads\/2026\/02\/mVVkoHz2CnDyBDNJF9KWCX.jpg 1320w, https:\/\/www.cordobatimes.com\/showup\/wp-content\/uploads\/2026\/02\/mVVkoHz2CnDyBDNJF9KWCX-280x420.jpg 280w, https:\/\/www.cordobatimes.com\/showup\/wp-content\/uploads\/2026\/02\/mVVkoHz2CnDyBDNJF9KWCX-683x1024.jpg 683w, https:\/\/www.cordobatimes.com\/showup\/wp-content\/uploads\/2026\/02\/mVVkoHz2CnDyBDNJF9KWCX-768x1152.jpg 768w, https:\/\/www.cordobatimes.com\/showup\/wp-content\/uploads\/2026\/02\/mVVkoHz2CnDyBDNJF9KWCX-1024x1536.jpg 1024w, https:\/\/www.cordobatimes.com\/showup\/wp-content\/uploads\/2026\/02\/mVVkoHz2CnDyBDNJF9KWCX-150x225.jpg 150w, https:\/\/www.cordobatimes.com\/showup\/wp-content\/uploads\/2026\/02\/mVVkoHz2CnDyBDNJF9KWCX-300x450.jpg 300w, https:\/\/www.cordobatimes.com\/showup\/wp-content\/uploads\/2026\/02\/mVVkoHz2CnDyBDNJF9KWCX-696x1044.jpg 696w, https:\/\/www.cordobatimes.com\/showup\/wp-content\/uploads\/2026\/02\/mVVkoHz2CnDyBDNJF9KWCX-1068x1602.jpg 1068w\" sizes=\"auto, (max-width: 1320px) 100vw, 1320px\" \/> <img alt=\"\" loading=\"lazy\" decoding=\"async\" class=\"alignnone wp-image-108846 size-full\" src=\"http:\/\/www.cordobatimes.com\/showup\/wp-content\/uploads\/2026\/02\/UyDVk5nrRUpRHLFnvZ62zW.jpg\" alt=\"\" width=\"1320\" height=\"1980\" srcset=\"https:\/\/www.cordobatimes.com\/showup\/wp-content\/uploads\/2026\/02\/UyDVk5nrRUpRHLFnvZ62zW.jpg 1320w, https:\/\/www.cordobatimes.com\/showup\/wp-content\/uploads\/2026\/02\/UyDVk5nrRUpRHLFnvZ62zW-280x420.jpg 280w, https:\/\/www.cordobatimes.com\/showup\/wp-content\/uploads\/2026\/02\/UyDVk5nrRUpRHLFnvZ62zW-683x1024.jpg 683w, https:\/\/www.cordobatimes.com\/showup\/wp-content\/uploads\/2026\/02\/UyDVk5nrRUpRHLFnvZ62zW-768x1152.jpg 768w, https:\/\/www.cordobatimes.com\/showup\/wp-content\/uploads\/2026\/02\/UyDVk5nrRUpRHLFnvZ62zW-1024x1536.jpg 1024w, https:\/\/www.cordobatimes.com\/showup\/wp-content\/uploads\/2026\/02\/UyDVk5nrRUpRHLFnvZ62zW-150x225.jpg 150w, https:\/\/www.cordobatimes.com\/showup\/wp-content\/uploads\/2026\/02\/UyDVk5nrRUpRHLFnvZ62zW-300x450.jpg 300w, https:\/\/www.cordobatimes.com\/showup\/wp-content\/uploads\/2026\/02\/UyDVk5nrRUpRHLFnvZ62zW-696x1044.jpg 696w, https:\/\/www.cordobatimes.com\/showup\/wp-content\/uploads\/2026\/02\/UyDVk5nrRUpRHLFnvZ62zW-1068x1602.jpg 1068w\" sizes=\"auto, (max-width: 1320px) 100vw, 1320px\" \/> <img alt=\"\" loading=\"lazy\" decoding=\"async\" class=\"alignnone wp-image-108847 size-full\" src=\"http:\/\/www.cordobatimes.com\/showup\/wp-content\/uploads\/2026\/02\/9MxiKhfHQBe9gn63ZRtZJA.jpg\" alt=\"\" width=\"1320\" height=\"1980\" srcset=\"https:\/\/www.cordobatimes.com\/showup\/wp-content\/uploads\/2026\/02\/9MxiKhfHQBe9gn63ZRtZJA.jpg 1320w, https:\/\/www.cordobatimes.com\/showup\/wp-content\/uploads\/2026\/02\/9MxiKhfHQBe9gn63ZRtZJA-280x420.jpg 280w, https:\/\/www.cordobatimes.com\/showup\/wp-content\/uploads\/2026\/02\/9MxiKhfHQBe9gn63ZRtZJA-683x1024.jpg 683w, https:\/\/www.cordobatimes.com\/showup\/wp-content\/uploads\/2026\/02\/9MxiKhfHQBe9gn63ZRtZJA-768x1152.jpg 768w, https:\/\/www.cordobatimes.com\/showup\/wp-content\/uploads\/2026\/02\/9MxiKhfHQBe9gn63ZRtZJA-1024x1536.jpg 1024w, https:\/\/www.cordobatimes.com\/showup\/wp-content\/uploads\/2026\/02\/9MxiKhfHQBe9gn63ZRtZJA-150x225.jpg 150w, https:\/\/www.cordobatimes.com\/showup\/wp-content\/uploads\/2026\/02\/9MxiKhfHQBe9gn63ZRtZJA-300x450.jpg 300w, https:\/\/www.cordobatimes.com\/showup\/wp-content\/uploads\/2026\/02\/9MxiKhfHQBe9gn63ZRtZJA-696x1044.jpg 696w, https:\/\/www.cordobatimes.com\/showup\/wp-content\/uploads\/2026\/02\/9MxiKhfHQBe9gn63ZRtZJA-1068x1602.jpg 1068w\" sizes=\"auto, (max-width: 1320px) 100vw, 1320px\" \/><\/p>\n<h3 data-start=\"889\" data-end=\"937\"><strong>Maximalismo y combinaciones audaces de color<\/strong><\/h3>\n<p data-start=\"938\" data-end=\"1177\">Prada y otras casas apostaron por una est\u00e9tica m\u00e1s experimental con mezclas inesperadas de colores como violeta y rojo intenso, adem\u00e1s de vestidos voluminosos, guantes largos y accesorios llamativos.<\/p>\n<p data-start=\"1179\" data-end=\"1283\">Esta tendencia confirma el fin del minimalismo extremo y el regreso de looks m\u00e1s expresivos y creativos.<\/p>\n<p data-start=\"1179\" data-end=\"1283\">\n<h3 data-start=\"1290\" data-end=\"1323\"><strong>El layering como protagonista<\/strong><\/h3>\n<p data-start=\"1324\" data-end=\"1521\">Las superposiciones fueron clave, especialmente en Prada, donde los looks se construyeron con m\u00faltiples capas que se agregaban o remov\u00edan durante el desfile.<\/p>\n<p data-start=\"1523\" data-end=\"1643\">Abrigos sobre vestidos, faldas sobre pantalones y combinaciones estructuradas aportan profundidad visual y versatilidad.<\/p>\n<p data-start=\"1523\" data-end=\"1643\"><img alt=\"\" loading=\"lazy\" decoding=\"async\" class=\"alignnone wp-image-108848 size-full\" src=\"http:\/\/www.cordobatimes.com\/showup\/wp-content\/uploads\/2026\/02\/Pantallazo-28-02-2026-10.43.07.jpg\" alt=\"\" width=\"412\" height=\"612\" srcset=\"https:\/\/www.cordobatimes.com\/showup\/wp-content\/uploads\/2026\/02\/Pantallazo-28-02-2026-10.43.07.jpg 412w, https:\/\/www.cordobatimes.com\/showup\/wp-content\/uploads\/2026\/02\/Pantallazo-28-02-2026-10.43.07-283x420.jpg 283w, https:\/\/www.cordobatimes.com\/showup\/wp-content\/uploads\/2026\/02\/Pantallazo-28-02-2026-10.43.07-150x223.jpg 150w, https:\/\/www.cordobatimes.com\/showup\/wp-content\/uploads\/2026\/02\/Pantallazo-28-02-2026-10.43.07-300x446.jpg 300w\" sizes=\"auto, (max-width: 412px) 100vw, 412px\" \/><\/p>\n<h3 data-start=\"1650\" data-end=\"1698\"><strong>El cuero se consolida como material estrella<\/strong><\/h3>\n<p data-start=\"1699\" data-end=\"1940\">El cuero apareci\u00f3 en abrigos, pantalones, vestidos y conjuntos completos. Incluso celebridades como Demi Moore adoptaron total looks de cuero en los desfiles, reforzando su protagonismo esta temporada.<\/p>\n<h3 data-start=\"2006\" data-end=\"2052\"><strong>El vintage y la nostalgia siguen dominando<\/strong><\/h3>\n<p data-start=\"2053\" data-end=\"2282\">El revival vintage contin\u00faa siendo fuerte. Kendall Jenner, por ejemplo, luci\u00f3 un vestido Armani original de los a\u00f1os 90, reafirmando el inter\u00e9s por piezas hist\u00f3ricas y referencias ic\u00f3nicas.<\/p>\n<p data-start=\"2284\" data-end=\"2362\">Las marcas est\u00e1n reinterpretando sus archivos para conectar pasado y presente.<\/p>\n<p data-start=\"2284\" data-end=\"2362\"><img alt=\"\" loading=\"lazy\" decoding=\"async\" class=\"alignnone wp-image-108850 size-full\" src=\"http:\/\/www.cordobatimes.com\/showup\/wp-content\/uploads\/2026\/02\/Pantallazo-28-02-2026-10.43.32.jpg\" alt=\"\" width=\"639\" height=\"626\" srcset=\"https:\/\/www.cordobatimes.com\/showup\/wp-content\/uploads\/2026\/02\/Pantallazo-28-02-2026-10.43.32.jpg 639w, https:\/\/www.cordobatimes.com\/showup\/wp-content\/uploads\/2026\/02\/Pantallazo-28-02-2026-10.43.32-429x420.jpg 429w, https:\/\/www.cordobatimes.com\/showup\/wp-content\/uploads\/2026\/02\/Pantallazo-28-02-2026-10.43.32-150x147.jpg 150w, https:\/\/www.cordobatimes.com\/showup\/wp-content\/uploads\/2026\/02\/Pantallazo-28-02-2026-10.43.32-300x294.jpg 300w\" sizes=\"auto, (max-width: 639px) 100vw, 639px\" \/><\/p>\n<h3 data-start=\"2369\" data-end=\"2413\"><strong>Siluetas oversize y piezas estructuradas<\/strong><\/h3>\n<p data-start=\"2414\" data-end=\"2590\">Abrigos amplios, prendas oversized y cortes arquitect\u00f3nicos dominaron m\u00faltiples colecciones, combinando comodidad con elegancia moderna.<\/p>\n<p data-start=\"2592\" data-end=\"2661\">Este enfoque aporta un equilibrio entre lo relajado y lo sofisticado.<\/p>\n<p data-start=\"2592\" data-end=\"2661\"><img alt=\"\" loading=\"lazy\" decoding=\"async\" class=\"alignnone wp-image-108849 size-full\" src=\"http:\/\/www.cordobatimes.com\/showup\/wp-content\/uploads\/2026\/02\/Pantallazo-28-02-2026-10.41.23.jpg\" alt=\"\" width=\"423\" height=\"634\" srcset=\"https:\/\/www.cordobatimes.com\/showup\/wp-content\/uploads\/2026\/02\/Pantallazo-28-02-2026-10.41.23.jpg 423w, https:\/\/www.cordobatimes.com\/showup\/wp-content\/uploads\/2026\/02\/Pantallazo-28-02-2026-10.41.23-280x420.jpg 280w, https:\/\/www.cordobatimes.com\/showup\/wp-content\/uploads\/2026\/02\/Pantallazo-28-02-2026-10.41.23-150x225.jpg 150w, https:\/\/www.cordobatimes.com\/showup\/wp-content\/uploads\/2026\/02\/Pantallazo-28-02-2026-10.41.23-300x450.jpg 300w\" sizes=\"auto, (max-width: 423px) 100vw, 423px\" \/><\/p>\n<h3 data-start=\"2668\" data-end=\"2699\"><strong>Moda m\u00e1s libre y sin reglas<\/strong><\/h3>\n<p data-start=\"2700\" data-end=\"2872\">Tambi\u00e9n se destac\u00f3 la moda gender-fluid, con faldas combinadas con prendas masculinas, joyer\u00eda llamativa y styling m\u00e1s experimental.<\/p>\n<p data-start=\"2874\" data-end=\"2939\">Esto refleja una industria cada vez m\u00e1s inclusiva y menos r\u00edgida.<\/p>\n","protected":false},"excerpt":{"rendered":"<p>La Milan Fashion Week oto\u00f1o-invierno 2026 est\u00e1 confirmando un cambio claro en la moda global: el regreso de la sensualidad, el maximalismo y las referencias vintage, combinados con nuevas interpretaciones modernas. Estas son las tendencias m\u00e1s fuertes vistas hasta ahora en las pasarelas italianas. El regreso del estilo noventoso y sensual Uno de los ejes [&hellip;]<\/p>\n","protected":false},"author":24,"featured_media":108844,"comment_status":"closed","ping_status":"closed","sticky":false,"template":"","format":"standard","meta":{"_seopress_robots_primary_cat":"none","_seopress_titles_title":"","_seopress_titles_desc":"","_seopress_robots_index":"","footnotes":""},"categories":[228],"tags":[41918,41917,41919,41920],"class_list":{"0":"post-108841","1":"post","2":"type-post","3":"status-publish","4":"format-standard","5":"has-post-thumbnail","7":"category-moda-y-estilos","8":"tag-milan-fashion-week","9":"tag-milan-fashion-week-2026","10":"tag-milan-fashion-week-otono-invierno-2026","11":"tag-milan-fashion-week-tendencias"},"_links":{"self":[{"href":"https:\/\/www.cordobatimes.com\/showup\/wp-json\/wp\/v2\/posts\/108841","targetHints":{"allow":["GET"]}}],"collection":[{"href":"https:\/\/www.cordobatimes.com\/showup\/wp-json\/wp\/v2\/posts"}],"about":[{"href":"https:\/\/www.cordobatimes.com\/showup\/wp-json\/wp\/v2\/types\/post"}],"author":[{"embeddable":true,"href":"https:\/\/www.cordobatimes.com\/showup\/wp-json\/wp\/v2\/users\/24"}],"replies":[{"embeddable":true,"href":"https:\/\/www.cordobatimes.com\/showup\/wp-json\/wp\/v2\/comments?post=108841"}],"version-history":[{"count":1,"href":"https:\/\/www.cordobatimes.com\/showup\/wp-json\/wp\/v2\/posts\/108841\/revisions"}],"predecessor-version":[{"id":108851,"href":"https:\/\/www.cordobatimes.com\/showup\/wp-json\/wp\/v2\/posts\/108841\/revisions\/108851"}],"wp:featuredmedia":[{"embeddable":true,"href":"https:\/\/www.cordobatimes.com\/showup\/wp-json\/wp\/v2\/media\/108844"}],"wp:attachment":[{"href":"https:\/\/www.cordobatimes.com\/showup\/wp-json\/wp\/v2\/media?parent=108841"}],"wp:term":[{"taxonomy":"category","embeddable":true,"href":"https:\/\/www.cordobatimes.com\/showup\/wp-json\/wp\/v2\/categories?post=108841"},{"taxonomy":"post_tag","embeddable":true,"href":"https:\/\/www.cordobatimes.com\/showup\/wp-json\/wp\/v2\/tags?post=108841"}],"curies":[{"name":"wp","href":"https:\/\/api.w.org\/{rel}","templated":true}]}}