{"id":108835,"date":"2026-02-28T09:48:57","date_gmt":"2026-02-28T12:48:57","guid":{"rendered":"https:\/\/www.cordobatimes.com\/showup\/?p=108835"},"modified":"2026-02-28T09:48:57","modified_gmt":"2026-02-28T12:48:57","slug":"cristian-u-fue-durisimo-con-gran-hermano-generacion-dorada-es-malisimo","status":"publish","type":"post","link":"https:\/\/www.cordobatimes.com\/showup\/famosos\/2026\/02\/28\/cristian-u-fue-durisimo-con-gran-hermano-generacion-dorada-es-malisimo\/","title":{"rendered":"Cristian U fue dur\u00edsimo con Gran Hermano Generaci\u00f3n Dorada: \u201ces mal\u00edsimo\u201d"},"content":{"rendered":"<h3 data-start=\"78\" data-end=\"357\"><strong>Cristian U volvi\u00f3 a apuntar contra <em data-start=\"113\" data-end=\"145\">Gran Hermano Generaci\u00f3n Dorada<\/em> y lanz\u00f3 fuertes cr\u00edticas durante su visita a <em data-start=\"191\" data-end=\"201\">Intrusos<\/em>. El ganador de la edici\u00f3n 2011 no dud\u00f3 en calificar negativamente la nueva temporada y cuestion\u00f3 tanto el casting como algunas decisiones de la producci\u00f3n.<\/strong><\/h3>\n<p data-start=\"359\" data-end=\"751\">\u201cP\u00e9simo. Es mal\u00edsimo\u201d, sentenci\u00f3 sin rodeos cuando le preguntaron qu\u00e9 opinaba del reality. En esa l\u00ednea, explic\u00f3 que uno de los principales problemas es la elecci\u00f3n de los participantes. \u201cCuando vos pon\u00e9s gente que es prima de, hermana de, sobrina de&#8230;\u201d, expres\u00f3, sugiriendo que el programa deber\u00eda apostar por personas desconocidas que puedan construir historias genuinas dentro de la casa.<\/p>\n<p data-start=\"753\" data-end=\"1177\">Adem\u00e1s, Cristian U se refiri\u00f3 a la ca\u00edda en los n\u00fameros de audiencia y consider\u00f3 que eso refleja que algo no est\u00e1 funcionando. \u201cSi un programa que arranca casi en los 19 puntos, el segundo programa ya mide 4 puntos menos, hay algo que no est\u00e1 bien\u201d, analiz\u00f3. Por eso, fue contundente sobre qu\u00e9 medidas tomar\u00eda: \u201cComo capit\u00e1n del barco, tendr\u00edas que agarrar a la mitad de la casa y rajarlos ma\u00f1ana. Gente nueva, gente com\u00fan\u201d.<\/p>\n<p data-start=\"1179\" data-end=\"1467\">El ex participante tambi\u00e9n cuestion\u00f3 la incorporaci\u00f3n de figuras conocidas, como Andrea Del Boca, y asegur\u00f3 que la producci\u00f3n deber\u00eda invertir en generar contenido dentro del juego. \u201cLe pagaron un mont\u00f3n de guita para estar ah\u00ed. Gastala en ellos, en los que te hacen el programa\u201d, afirm\u00f3.<\/p>\n<p data-start=\"1469\" data-end=\"1746\">Otro de los puntos que critic\u00f3 fue el perfil de algunos jugadores, como Solange, cuya historia personal fue presentada dentro del reality. \u201cSi la historia es entrar a contar que el ex marido la cag\u00f3 con otro muchacho, la verdad que estamos\u2026 No s\u00e9 qu\u00e9 me pudo parecer\u201d, dispar\u00f3.<\/p>\n<p data-start=\"1748\" data-end=\"2111\">Por \u00faltimo, Cristian U aclar\u00f3 que no tiene conflictos personales con la producci\u00f3n y que, aunque recibi\u00f3 un mensaje de Santiago Del Moro por Instagram, prefiri\u00f3 no responderlo por ese medio. Tambi\u00e9n neg\u00f3 estar molesto por no haber sido convocado: \u201cGracias a Dios tengo mucho laburo. No hubiese agarrado. Yo tendr\u00eda que estar, si me hubiesen llamado, en el panel\u201d.<\/p>\n<div style=\"width: 640px;\" class=\"wp-video\"><video class=\"wp-video-shortcode\" id=\"video-108835-1\" width=\"640\" height=\"360\" preload=\"metadata\" controls=\"controls\"><source type=\"video\/mp4\" src=\"http:\/\/www.cordobatimes.com\/showup\/wp-content\/uploads\/2026\/02\/ssstwitter.com_1772280680257.mp4?_=1\" \/><a href=\"http:\/\/www.cordobatimes.com\/showup\/wp-content\/uploads\/2026\/02\/ssstwitter.com_1772280680257.mp4\">http:\/\/www.cordobatimes.com\/showup\/wp-content\/uploads\/2026\/02\/ssstwitter.com_1772280680257.mp4<\/a><\/video><\/div>\n","protected":false},"excerpt":{"rendered":"<p>Cristian U volvi\u00f3 a apuntar contra Gran Hermano Generaci\u00f3n Dorada y lanz\u00f3 fuertes cr\u00edticas durante su visita a Intrusos. El ganador de la edici\u00f3n 2011 no dud\u00f3 en calificar negativamente la nueva temporada y cuestion\u00f3 tanto el casting como algunas decisiones de la producci\u00f3n. \u201cP\u00e9simo. Es mal\u00edsimo\u201d, sentenci\u00f3 sin rodeos cuando le preguntaron qu\u00e9 opinaba [&hellip;]<\/p>\n","protected":false},"author":24,"featured_media":108838,"comment_status":"closed","ping_status":"closed","sticky":false,"template":"","format":"standard","meta":{"_seopress_robots_primary_cat":"none","_seopress_titles_title":"","_seopress_titles_desc":"","_seopress_robots_index":"","footnotes":""},"categories":[4],"tags":[1132,41916,41350],"class_list":{"0":"post-108835","1":"post","2":"type-post","3":"status-publish","4":"format-standard","5":"has-post-thumbnail","7":"category-famosos","8":"tag-cristian-u","9":"tag-cristian-u-gran-hermano-generacion-dorada","10":"tag-gran-hermano-generacion-dorada"},"_links":{"self":[{"href":"https:\/\/www.cordobatimes.com\/showup\/wp-json\/wp\/v2\/posts\/108835","targetHints":{"allow":["GET"]}}],"collection":[{"href":"https:\/\/www.cordobatimes.com\/showup\/wp-json\/wp\/v2\/posts"}],"about":[{"href":"https:\/\/www.cordobatimes.com\/showup\/wp-json\/wp\/v2\/types\/post"}],"author":[{"embeddable":true,"href":"https:\/\/www.cordobatimes.com\/showup\/wp-json\/wp\/v2\/users\/24"}],"replies":[{"embeddable":true,"href":"https:\/\/www.cordobatimes.com\/showup\/wp-json\/wp\/v2\/comments?post=108835"}],"version-history":[{"count":1,"href":"https:\/\/www.cordobatimes.com\/showup\/wp-json\/wp\/v2\/posts\/108835\/revisions"}],"predecessor-version":[{"id":108840,"href":"https:\/\/www.cordobatimes.com\/showup\/wp-json\/wp\/v2\/posts\/108835\/revisions\/108840"}],"wp:featuredmedia":[{"embeddable":true,"href":"https:\/\/www.cordobatimes.com\/showup\/wp-json\/wp\/v2\/media\/108838"}],"wp:attachment":[{"href":"https:\/\/www.cordobatimes.com\/showup\/wp-json\/wp\/v2\/media?parent=108835"}],"wp:term":[{"taxonomy":"category","embeddable":true,"href":"https:\/\/www.cordobatimes.com\/showup\/wp-json\/wp\/v2\/categories?post=108835"},{"taxonomy":"post_tag","embeddable":true,"href":"https:\/\/www.cordobatimes.com\/showup\/wp-json\/wp\/v2\/tags?post=108835"}],"curies":[{"name":"wp","href":"https:\/\/api.w.org\/{rel}","templated":true}]}}