{"id":108830,"date":"2026-02-27T18:53:52","date_gmt":"2026-02-27T21:53:52","guid":{"rendered":"https:\/\/www.cordobatimes.com\/showup\/?p=108830"},"modified":"2026-02-27T18:53:52","modified_gmt":"2026-02-27T21:53:52","slug":"divina-gloria-queda-fuera-de-gran-hermano-generacion-dorada-por-recomendacion-medica","status":"publish","type":"post","link":"https:\/\/www.cordobatimes.com\/showup\/famosos\/2026\/02\/27\/divina-gloria-queda-fuera-de-gran-hermano-generacion-dorada-por-recomendacion-medica\/","title":{"rendered":"Divina Gloria queda fuera de Gran Hermano Generaci\u00f3n Dorada por recomendaci\u00f3n m\u00e9dica"},"content":{"rendered":"<h3 data-start=\"201\" data-end=\"462\"><strong>Divina Gloria no regresar\u00e1 a la casa de Gran Hermano Generaci\u00f3n Dorada por recomendaci\u00f3n m\u00e9dica. La informaci\u00f3n fue confirmada por Santiago Del Moro, quien lo anunci\u00f3 a trav\u00e9s de sus historias de Instagram y llev\u00f3 claridad sobre la situaci\u00f3n de la participante.<\/strong><\/h3>\n<p data-start=\"464\" data-end=\"617\">\u201cPor recomendaci\u00f3n m\u00e9dica Divina queda fuera de juego\u201d, comunic\u00f3 el conductor, confirmando que la artista no podr\u00e1 continuar en esta edici\u00f3n del reality.<\/p>\n<p data-start=\"619\" data-end=\"896\">La salida se da en medio de cambios importantes dentro del programa. Seg\u00fan explic\u00f3 Del Moro, y en relaci\u00f3n con lo sucedido recientemente con Daniela, el pr\u00f3ximo domingo ingresar\u00e1n dos nuevos jugadores a la casa para ocupar los lugares vacantes y mantener la din\u00e1mica del juego.<\/p>\n<p data-start=\"898\" data-end=\"1092\">La noticia gener\u00f3 sorpresa entre los seguidores del ciclo, ya que Divina Gloria era una de las participantes que m\u00e1s curiosidad hab\u00eda despertado por su perfil art\u00edstico y su fuerte personalidad.<\/p>\n<p data-start=\"1094\" data-end=\"1295\">Gran Hermano Generaci\u00f3n Dorada atraviesa una etapa de constantes modificaciones, con nuevos ingresos y salidas que impactan directamente en la estrategia y el desarrollo del reality m\u00e1s visto del pa\u00eds.<\/p>\n<p data-start=\"1094\" data-end=\"1295\"><img alt=\"\" loading=\"lazy\" decoding=\"async\" class=\"alignnone wp-image-108833 size-full\" src=\"http:\/\/www.cordobatimes.com\/showup\/wp-content\/uploads\/2026\/02\/santidelmoro_.jpg\" alt=\"\" width=\"640\" height=\"1137\" srcset=\"https:\/\/www.cordobatimes.com\/showup\/wp-content\/uploads\/2026\/02\/santidelmoro_.jpg 640w, https:\/\/www.cordobatimes.com\/showup\/wp-content\/uploads\/2026\/02\/santidelmoro_-236x420.jpg 236w, https:\/\/www.cordobatimes.com\/showup\/wp-content\/uploads\/2026\/02\/santidelmoro_-576x1024.jpg 576w, https:\/\/www.cordobatimes.com\/showup\/wp-content\/uploads\/2026\/02\/santidelmoro_-150x266.jpg 150w, https:\/\/www.cordobatimes.com\/showup\/wp-content\/uploads\/2026\/02\/santidelmoro_-300x533.jpg 300w\" sizes=\"auto, (max-width: 640px) 100vw, 640px\" \/><\/p>\n","protected":false},"excerpt":{"rendered":"<p>Divina Gloria no regresar\u00e1 a la casa de Gran Hermano Generaci\u00f3n Dorada por recomendaci\u00f3n m\u00e9dica. La informaci\u00f3n fue confirmada por Santiago Del Moro, quien lo anunci\u00f3 a trav\u00e9s de sus historias de Instagram y llev\u00f3 claridad sobre la situaci\u00f3n de la participante. \u201cPor recomendaci\u00f3n m\u00e9dica Divina queda fuera de juego\u201d, comunic\u00f3 el conductor, confirmando que [&hellip;]<\/p>\n","protected":false},"author":24,"featured_media":108561,"comment_status":"closed","ping_status":"closed","sticky":false,"template":"","format":"standard","meta":{"_seopress_robots_primary_cat":"none","_seopress_titles_title":"","_seopress_titles_desc":"","_seopress_robots_index":"","footnotes":""},"categories":[4],"tags":[41915,41914,41350],"class_list":{"0":"post-108830","1":"post","2":"type-post","3":"status-publish","4":"format-standard","5":"has-post-thumbnail","7":"category-famosos","8":"tag-divina-gloria","9":"tag-divina-gloria-queda-fuera-de-gran-hermano-generacion-dorada","10":"tag-gran-hermano-generacion-dorada"},"_links":{"self":[{"href":"https:\/\/www.cordobatimes.com\/showup\/wp-json\/wp\/v2\/posts\/108830","targetHints":{"allow":["GET"]}}],"collection":[{"href":"https:\/\/www.cordobatimes.com\/showup\/wp-json\/wp\/v2\/posts"}],"about":[{"href":"https:\/\/www.cordobatimes.com\/showup\/wp-json\/wp\/v2\/types\/post"}],"author":[{"embeddable":true,"href":"https:\/\/www.cordobatimes.com\/showup\/wp-json\/wp\/v2\/users\/24"}],"replies":[{"embeddable":true,"href":"https:\/\/www.cordobatimes.com\/showup\/wp-json\/wp\/v2\/comments?post=108830"}],"version-history":[{"count":1,"href":"https:\/\/www.cordobatimes.com\/showup\/wp-json\/wp\/v2\/posts\/108830\/revisions"}],"predecessor-version":[{"id":108834,"href":"https:\/\/www.cordobatimes.com\/showup\/wp-json\/wp\/v2\/posts\/108830\/revisions\/108834"}],"wp:featuredmedia":[{"embeddable":true,"href":"https:\/\/www.cordobatimes.com\/showup\/wp-json\/wp\/v2\/media\/108561"}],"wp:attachment":[{"href":"https:\/\/www.cordobatimes.com\/showup\/wp-json\/wp\/v2\/media?parent=108830"}],"wp:term":[{"taxonomy":"category","embeddable":true,"href":"https:\/\/www.cordobatimes.com\/showup\/wp-json\/wp\/v2\/categories?post=108830"},{"taxonomy":"post_tag","embeddable":true,"href":"https:\/\/www.cordobatimes.com\/showup\/wp-json\/wp\/v2\/tags?post=108830"}],"curies":[{"name":"wp","href":"https:\/\/api.w.org\/{rel}","templated":true}]}}