{"id":108811,"date":"2026-02-27T12:29:08","date_gmt":"2026-02-27T15:29:08","guid":{"rendered":"https:\/\/www.cordobatimes.com\/showup\/?p=108811"},"modified":"2026-02-27T12:29:08","modified_gmt":"2026-02-27T15:29:08","slug":"eduardo-carrera-el-participante-mas-polemico-de-gran-hermano-2003-que-busca-revancha-en-la-generacion-dorada","status":"publish","type":"post","link":"https:\/\/www.cordobatimes.com\/showup\/famosos\/2026\/02\/27\/eduardo-carrera-el-participante-mas-polemico-de-gran-hermano-2003-que-busca-revancha-en-la-generacion-dorada\/","title":{"rendered":"Eduardo Carrera, el participante m\u00e1s pol\u00e9mico de Gran Hermano 2003 que busca revancha en la Generaci\u00f3n Dorada"},"content":{"rendered":"<h3 data-start=\"149\" data-end=\"425\"><strong>Eduardo Carrera volvi\u00f3 a la casa de Gran Hermano Generaci\u00f3n Dorada y su nombre no pas\u00f3 desapercibido. Su regreso gener\u00f3 impacto inmediato, no solo por tratarse de un ex participante hist\u00f3rico, sino por el fuerte y pol\u00e9mico antecedente que marc\u00f3 su paso por el reality en 2003.<\/strong><\/h3>\n<p data-start=\"427\" data-end=\"726\">Carrera form\u00f3 parte de la edici\u00f3n 2002-2003 de Gran Hermano, donde permaneci\u00f3 84 d\u00edas y se convirti\u00f3 en uno de los jugadores m\u00e1s intensos de la temporada. Su personalidad frontal, sus discusiones constantes y su car\u00e1cter explosivo lo posicionaron r\u00e1pidamente como uno de los protagonistas del ciclo.<\/p>\n<p data-start=\"728\" data-end=\"1045\">Sin embargo, su paso por el programa termin\u00f3 de la peor manera. Fue expulsado tras un episodio violento durante una fuerte pelea con su pareja dentro de la casa, Romina Orthusteguy. La situaci\u00f3n gener\u00f3 un enorme esc\u00e1ndalo y qued\u00f3 grabada como uno de los momentos m\u00e1s pol\u00e9micos en la historia del reality en Argentina.<\/p>\n<p data-start=\"1047\" data-end=\"1280\">Tras su salida, Eduardo se alej\u00f3 progresivamente de los medios. Si bien tuvo algunas apariciones como actor, con el tiempo eligi\u00f3 una vida m\u00e1s reservada, lejos de la exposici\u00f3n medi\u00e1tica que lo hab\u00eda puesto en el centro de la escena.<\/p>\n<p data-start=\"1282\" data-end=\"1536\">M\u00e1s de 20 a\u00f1os despu\u00e9s, su ingreso a Gran Hermano Generaci\u00f3n Dorada marca un regreso cargado de significado. Su participaci\u00f3n es vista como una oportunidad de revancha personal, en la que busca mostrar una versi\u00f3n diferente y redimirse frente al p\u00fablico.<\/p>\n<p data-start=\"1538\" data-end=\"1819\">En LAM recordaron su paso por el reality original y reavivaron el debate sobre su historia, lo que volvi\u00f3 a poner su nombre en el centro de la conversaci\u00f3n. Su regreso no solo apela a la nostalgia, sino que tambi\u00e9n despierta expectativas sobre c\u00f3mo ser\u00e1 su comportamiento esta vez.<\/p>\n<div style=\"width: 640px;\" class=\"wp-video\"><video class=\"wp-video-shortcode\" id=\"video-108811-1\" width=\"640\" height=\"360\" preload=\"metadata\" controls=\"controls\"><source type=\"video\/mp4\" src=\"http:\/\/www.cordobatimes.com\/showup\/wp-content\/uploads\/2026\/02\/ssstwitter.com_1772204743442.mp4?_=1\" \/><a href=\"http:\/\/www.cordobatimes.com\/showup\/wp-content\/uploads\/2026\/02\/ssstwitter.com_1772204743442.mp4\">http:\/\/www.cordobatimes.com\/showup\/wp-content\/uploads\/2026\/02\/ssstwitter.com_1772204743442.mp4<\/a><\/video><\/div>\n","protected":false},"excerpt":{"rendered":"<p>Eduardo Carrera volvi\u00f3 a la casa de Gran Hermano Generaci\u00f3n Dorada y su nombre no pas\u00f3 desapercibido. Su regreso gener\u00f3 impacto inmediato, no solo por tratarse de un ex participante hist\u00f3rico, sino por el fuerte y pol\u00e9mico antecedente que marc\u00f3 su paso por el reality en 2003. Carrera form\u00f3 parte de la edici\u00f3n 2002-2003 de [&hellip;]<\/p>\n","protected":false},"author":24,"featured_media":108814,"comment_status":"closed","ping_status":"closed","sticky":false,"template":"","format":"standard","meta":{"_seopress_robots_primary_cat":"none","_seopress_titles_title":"","_seopress_titles_desc":"","_seopress_robots_index":"","footnotes":""},"categories":[4],"tags":[41906,41907,41908,41350],"class_list":{"0":"post-108811","1":"post","2":"type-post","3":"status-publish","4":"format-standard","5":"has-post-thumbnail","7":"category-famosos","8":"tag-eduardo-carrera","9":"tag-eduardo-carrera-gran-hermano-2003","10":"tag-eduardo-carrera-gran-hermano-generacion-dorada","11":"tag-gran-hermano-generacion-dorada"},"_links":{"self":[{"href":"https:\/\/www.cordobatimes.com\/showup\/wp-json\/wp\/v2\/posts\/108811","targetHints":{"allow":["GET"]}}],"collection":[{"href":"https:\/\/www.cordobatimes.com\/showup\/wp-json\/wp\/v2\/posts"}],"about":[{"href":"https:\/\/www.cordobatimes.com\/showup\/wp-json\/wp\/v2\/types\/post"}],"author":[{"embeddable":true,"href":"https:\/\/www.cordobatimes.com\/showup\/wp-json\/wp\/v2\/users\/24"}],"replies":[{"embeddable":true,"href":"https:\/\/www.cordobatimes.com\/showup\/wp-json\/wp\/v2\/comments?post=108811"}],"version-history":[{"count":1,"href":"https:\/\/www.cordobatimes.com\/showup\/wp-json\/wp\/v2\/posts\/108811\/revisions"}],"predecessor-version":[{"id":108816,"href":"https:\/\/www.cordobatimes.com\/showup\/wp-json\/wp\/v2\/posts\/108811\/revisions\/108816"}],"wp:featuredmedia":[{"embeddable":true,"href":"https:\/\/www.cordobatimes.com\/showup\/wp-json\/wp\/v2\/media\/108814"}],"wp:attachment":[{"href":"https:\/\/www.cordobatimes.com\/showup\/wp-json\/wp\/v2\/media?parent=108811"}],"wp:term":[{"taxonomy":"category","embeddable":true,"href":"https:\/\/www.cordobatimes.com\/showup\/wp-json\/wp\/v2\/categories?post=108811"},{"taxonomy":"post_tag","embeddable":true,"href":"https:\/\/www.cordobatimes.com\/showup\/wp-json\/wp\/v2\/tags?post=108811"}],"curies":[{"name":"wp","href":"https:\/\/api.w.org\/{rel}","templated":true}]}}