{"id":108792,"date":"2026-02-27T10:22:17","date_gmt":"2026-02-27T13:22:17","guid":{"rendered":"https:\/\/www.cordobatimes.com\/showup\/?p=108792"},"modified":"2026-02-27T10:22:17","modified_gmt":"2026-02-27T13:22:17","slug":"gran-hermano-suma-un-nuevo-jugador-este-domingo-tras-una-salida-inesperada","status":"publish","type":"post","link":"https:\/\/www.cordobatimes.com\/showup\/tv\/2026\/02\/27\/gran-hermano-suma-un-nuevo-jugador-este-domingo-tras-una-salida-inesperada\/","title":{"rendered":"Gran Hermano suma un nuevo jugador este domingo tras una salida inesperada"},"content":{"rendered":"<h3 data-start=\"246\" data-end=\"553\"><strong>La casa de Gran Hermano se prepara para un ingreso clave que promete cambiar el rumbo del juego. Santiago del Moro confirm\u00f3 que este domingo entrar\u00e1 un nuevo participante para reemplazar a Daniela De Luc\u00eda, quien abandon\u00f3 el reality tras el fallecimiento de su padre.<\/strong><\/h3>\n<p data-start=\"555\" data-end=\"945\">La noticia fue anunciada durante una de las emisiones recientes, donde el conductor explic\u00f3 que el reemplazo ya est\u00e1 definido y que el nuevo jugador comenzar\u00e1 su aislamiento previo antes de ingresar oficialmente a la casa. \u201cEn los pr\u00f3ximos d\u00edas ingresar\u00e1 un nuevo jugador\u201d, anticip\u00f3, confirmando que la incorporaci\u00f3n ser\u00e1 durante la gala del domingo.<\/p>\n<p data-start=\"947\" data-end=\"1235\">La salida de Daniela se produjo apenas d\u00edas despu\u00e9s del estreno de la edici\u00f3n \u201cGeneraci\u00f3n Dorada\u201d, que celebra los 25 a\u00f1os del formato en Argentina y que ya hab\u00eda generado gran repercusi\u00f3n con su elenco y sus primeras estrategias dentro de la casa.<\/p>\n<p data-start=\"1237\" data-end=\"1540\">El ingreso de un reemplazo es una medida habitual dentro del formato cuando un participante abandona el juego por motivos personales. La llegada de un nuevo jugador podr\u00eda modificar alianzas, alterar estrategias y generar nuevas tensiones en una casa que reci\u00e9n comienza a definir sus primeros v\u00ednculos.<\/p>\n<p data-start=\"1542\" data-end=\"1769\">Adem\u00e1s, la producci\u00f3n no descarta que puedan producirse otros ingresos si se dan nuevas salidas, lo que mantiene el suspenso sobre el futuro del reality y el desarrollo de la competencia.<\/p>\n<div style=\"width: 640px;\" class=\"wp-video\"><video class=\"wp-video-shortcode\" id=\"video-108792-1\" width=\"640\" height=\"360\" preload=\"metadata\" controls=\"controls\"><source type=\"video\/mp4\" src=\"http:\/\/www.cordobatimes.com\/showup\/wp-content\/uploads\/2026\/02\/ssstwitter.com_1772198328418.mp4?_=1\" \/><a href=\"http:\/\/www.cordobatimes.com\/showup\/wp-content\/uploads\/2026\/02\/ssstwitter.com_1772198328418.mp4\">http:\/\/www.cordobatimes.com\/showup\/wp-content\/uploads\/2026\/02\/ssstwitter.com_1772198328418.mp4<\/a><\/video><\/div>\n","protected":false},"excerpt":{"rendered":"<p>La casa de Gran Hermano se prepara para un ingreso clave que promete cambiar el rumbo del juego. Santiago del Moro confirm\u00f3 que este domingo entrar\u00e1 un nuevo participante para reemplazar a Daniela De Luc\u00eda, quien abandon\u00f3 el reality tras el fallecimiento de su padre. La noticia fue anunciada durante una de las emisiones recientes, [&hellip;]<\/p>\n","protected":false},"author":24,"featured_media":108795,"comment_status":"closed","ping_status":"closed","sticky":false,"template":"","format":"standard","meta":{"_seopress_robots_primary_cat":"none","_seopress_titles_title":"","_seopress_titles_desc":"","_seopress_robots_index":"","footnotes":""},"categories":[2],"tags":[41350,41901],"class_list":{"0":"post-108792","1":"post","2":"type-post","3":"status-publish","4":"format-standard","5":"has-post-thumbnail","7":"category-tv","8":"tag-gran-hermano-generacion-dorada","9":"tag-gran-hermano-suma-otro-participante"},"_links":{"self":[{"href":"https:\/\/www.cordobatimes.com\/showup\/wp-json\/wp\/v2\/posts\/108792","targetHints":{"allow":["GET"]}}],"collection":[{"href":"https:\/\/www.cordobatimes.com\/showup\/wp-json\/wp\/v2\/posts"}],"about":[{"href":"https:\/\/www.cordobatimes.com\/showup\/wp-json\/wp\/v2\/types\/post"}],"author":[{"embeddable":true,"href":"https:\/\/www.cordobatimes.com\/showup\/wp-json\/wp\/v2\/users\/24"}],"replies":[{"embeddable":true,"href":"https:\/\/www.cordobatimes.com\/showup\/wp-json\/wp\/v2\/comments?post=108792"}],"version-history":[{"count":1,"href":"https:\/\/www.cordobatimes.com\/showup\/wp-json\/wp\/v2\/posts\/108792\/revisions"}],"predecessor-version":[{"id":108797,"href":"https:\/\/www.cordobatimes.com\/showup\/wp-json\/wp\/v2\/posts\/108792\/revisions\/108797"}],"wp:featuredmedia":[{"embeddable":true,"href":"https:\/\/www.cordobatimes.com\/showup\/wp-json\/wp\/v2\/media\/108795"}],"wp:attachment":[{"href":"https:\/\/www.cordobatimes.com\/showup\/wp-json\/wp\/v2\/media?parent=108792"}],"wp:term":[{"taxonomy":"category","embeddable":true,"href":"https:\/\/www.cordobatimes.com\/showup\/wp-json\/wp\/v2\/categories?post=108792"},{"taxonomy":"post_tag","embeddable":true,"href":"https:\/\/www.cordobatimes.com\/showup\/wp-json\/wp\/v2\/tags?post=108792"}],"curies":[{"name":"wp","href":"https:\/\/api.w.org\/{rel}","templated":true}]}}