{"id":108786,"date":"2026-02-27T10:06:53","date_gmt":"2026-02-27T13:06:53","guid":{"rendered":"https:\/\/www.cordobatimes.com\/showup\/?p=108786"},"modified":"2026-02-27T10:06:53","modified_gmt":"2026-02-27T13:06:53","slug":"greys-anatomy-despidio-a-eric-dane-con-un-emotivo-homenaje-tras-su-muerte","status":"publish","type":"post","link":"https:\/\/www.cordobatimes.com\/showup\/cine-y-series\/2026\/02\/27\/greys-anatomy-despidio-a-eric-dane-con-un-emotivo-homenaje-tras-su-muerte\/","title":{"rendered":"Grey\u2019s Anatomy despidi\u00f3 a Eric Dane con un emotivo homenaje tras su muerte"},"content":{"rendered":"<h3 data-start=\"100\" data-end=\"417\"><strong>El episodio emitido el 26 de febrero de <span class=\"hover:entity-accent entity-underline inline cursor-pointer align-baseline\"><span class=\"whitespace-normal\">Grey\u2019s Anatomy<\/span><\/span> cerr\u00f3 con un conmovedor homenaje a <span class=\"hover:entity-accent entity-underline inline cursor-pointer align-baseline\"><span class=\"whitespace-normal\">Eric Dane<\/span><\/span>, quien falleci\u00f3 el 19 de febrero de 2026 a los 53 a\u00f1os tras una batalla contra la <span class=\"hover:entity-accent entity-underline inline cursor-pointer align-baseline\"><span class=\"whitespace-normal\">Esclerosis lateral amiotr\u00f3fica<\/span><\/span> (ELA).<\/strong><\/h3>\n<p data-start=\"419\" data-end=\"799\">El tributo consisti\u00f3 en un video de aproximadamente un minuto que repas\u00f3 algunos de los momentos m\u00e1s ic\u00f3nicos de su personaje, el doctor Mark Sloan, apodado \u201cMcSteamy\u201d, uno de los favoritos del p\u00fablico. La secuencia estuvo acompa\u00f1ada por una versi\u00f3n emotiva de la canci\u00f3n \u201cChasing Cars\u201d, hist\u00f3ricamente asociada a escenas clave de la serie.<\/p>\n<p data-start=\"801\" data-end=\"1044\">El homenaje concluy\u00f3 con un retrato en blanco y negro del actor junto al mensaje \u201cIn loving memory of Eric Dane\u201d, un gesto que reflej\u00f3 el cari\u00f1o del equipo y la importancia que tuvo dentro de la ficci\u00f3n.<\/p>\n<p data-start=\"1046\" data-end=\"1369\">Dane form\u00f3 parte de la serie durante siete temporadas y particip\u00f3 en 139 episodios, convirti\u00e9ndose en una figura central de la historia. Su personaje debut\u00f3 en la segunda temporada y r\u00e1pidamente se consolid\u00f3 como uno de los m\u00e1s emblem\u00e1ticos del universo Grey Sloan Memorial Hospital.<\/p>\n<p data-start=\"1371\" data-end=\"1730\">El actor hab\u00eda hecho p\u00fablico su diagn\u00f3stico de ELA en 2025 y, desde entonces, se convirti\u00f3 en un defensor de la concientizaci\u00f3n sobre esta enfermedad neurodegenerativa. Su familia confirm\u00f3 que falleci\u00f3 rodeado de sus seres queridos, dejando un profundo legado tanto en la televisi\u00f3n como entre sus colegas y seguidores.<\/p>\n<div style=\"width: 696px;\" class=\"wp-video\"><video class=\"wp-video-shortcode\" id=\"video-108786-1\" width=\"696\" height=\"392\" preload=\"metadata\" controls=\"controls\"><source type=\"video\/mp4\" src=\"http:\/\/www.cordobatimes.com\/showup\/wp-content\/uploads\/2026\/02\/ssstwitter.com_1772197381444.mp4?_=1\" \/><a href=\"http:\/\/www.cordobatimes.com\/showup\/wp-content\/uploads\/2026\/02\/ssstwitter.com_1772197381444.mp4\">http:\/\/www.cordobatimes.com\/showup\/wp-content\/uploads\/2026\/02\/ssstwitter.com_1772197381444.mp4<\/a><\/video><\/div>\n","protected":false},"excerpt":{"rendered":"<p>El episodio emitido el 26 de febrero de Grey\u2019s Anatomy cerr\u00f3 con un conmovedor homenaje a Eric Dane, quien falleci\u00f3 el 19 de febrero de 2026 a los 53 a\u00f1os tras una batalla contra la Esclerosis lateral amiotr\u00f3fica (ELA). El tributo consisti\u00f3 en un video de aproximadamente un minuto que repas\u00f3 algunos de los momentos [&hellip;]<\/p>\n","protected":false},"author":24,"featured_media":108790,"comment_status":"closed","ping_status":"closed","sticky":false,"template":"","format":"standard","meta":{"_seopress_robots_primary_cat":"none","_seopress_titles_title":"","_seopress_titles_desc":"","_seopress_robots_index":"","footnotes":""},"categories":[3],"tags":[41898,41897,41900,41899],"class_list":{"0":"post-108786","1":"post","2":"type-post","3":"status-publish","4":"format-standard","5":"has-post-thumbnail","7":"category-cine-y-series","8":"tag-greys-anatomy","9":"tag-greys-anatomy-despidio-a-eric-dane","10":"tag-greys-anatomy-eric-dane","11":"tag-greys-anatomy-homenaje-eric-dane"},"_links":{"self":[{"href":"https:\/\/www.cordobatimes.com\/showup\/wp-json\/wp\/v2\/posts\/108786","targetHints":{"allow":["GET"]}}],"collection":[{"href":"https:\/\/www.cordobatimes.com\/showup\/wp-json\/wp\/v2\/posts"}],"about":[{"href":"https:\/\/www.cordobatimes.com\/showup\/wp-json\/wp\/v2\/types\/post"}],"author":[{"embeddable":true,"href":"https:\/\/www.cordobatimes.com\/showup\/wp-json\/wp\/v2\/users\/24"}],"replies":[{"embeddable":true,"href":"https:\/\/www.cordobatimes.com\/showup\/wp-json\/wp\/v2\/comments?post=108786"}],"version-history":[{"count":1,"href":"https:\/\/www.cordobatimes.com\/showup\/wp-json\/wp\/v2\/posts\/108786\/revisions"}],"predecessor-version":[{"id":108791,"href":"https:\/\/www.cordobatimes.com\/showup\/wp-json\/wp\/v2\/posts\/108786\/revisions\/108791"}],"wp:featuredmedia":[{"embeddable":true,"href":"https:\/\/www.cordobatimes.com\/showup\/wp-json\/wp\/v2\/media\/108790"}],"wp:attachment":[{"href":"https:\/\/www.cordobatimes.com\/showup\/wp-json\/wp\/v2\/media?parent=108786"}],"wp:term":[{"taxonomy":"category","embeddable":true,"href":"https:\/\/www.cordobatimes.com\/showup\/wp-json\/wp\/v2\/categories?post=108786"},{"taxonomy":"post_tag","embeddable":true,"href":"https:\/\/www.cordobatimes.com\/showup\/wp-json\/wp\/v2\/tags?post=108786"}],"curies":[{"name":"wp","href":"https:\/\/api.w.org\/{rel}","templated":true}]}}