{"id":108774,"date":"2026-02-27T09:27:14","date_gmt":"2026-02-27T12:27:14","guid":{"rendered":"https:\/\/www.cordobatimes.com\/showup\/?p=108774"},"modified":"2026-02-27T09:27:14","modified_gmt":"2026-02-27T12:27:14","slug":"primera-placa-negativa-de-gran-hermano-generacion-dorada-estos-son-los-cinco-en-riesgo","status":"publish","type":"post","link":"https:\/\/www.cordobatimes.com\/showup\/tv\/2026\/02\/27\/primera-placa-negativa-de-gran-hermano-generacion-dorada-estos-son-los-cinco-en-riesgo\/","title":{"rendered":"Primera placa negativa de Gran Hermano Generaci\u00f3n Dorada: estos son los cinco en riesgo"},"content":{"rendered":"<h3 data-start=\"1375\" data-end=\"1712\"><strong>En la primera gala de nominaciones de <em data-start=\"1413\" data-end=\"1445\">Gran Hermano Generaci\u00f3n Dorada<\/em>, la edici\u00f3n 2026 del reality m\u00e1s visto del pa\u00eds, se defini\u00f3 la primera placa negativa de la temporada. Luego de la din\u00e1mica inicial en la que el p\u00fablico vot\u00f3 positivamente a sus favoritos, los tres participantes con m\u00e1s apoyo lograron salvarse de la placa.<\/strong><\/h3>\n<p data-start=\"1714\" data-end=\"2032\">Los cinco que quedaron en <strong data-start=\"1740\" data-end=\"1765\">riesgo de eliminaci\u00f3n<\/strong> son: <strong data-start=\"1771\" data-end=\"1854\">Emanuel Di Gioia, Brian Sarmiento, Lucero, Solange \u201cSol\u201d Abraham y Yanina Zilli<\/strong>. Ellos ahora deber\u00e1n enfrentar la votaci\u00f3n negativa que determinar\u00e1 qui\u00e9n ser\u00e1 el primer eliminado de la temporada, en la gala programada para el <strong data-start=\"2001\" data-end=\"2029\">lunes 2 de marzo de 2026<\/strong>.<\/p>\n<p data-start=\"2034\" data-end=\"2355\">La estrategia y las alianzas dentro de la casa se pondr\u00e1n a prueba desde el primer d\u00eda, y esta placa promete generar tensi\u00f3n y sorpresas entre los participantes. Los espectadores ser\u00e1n quienes tengan la \u00faltima palabra, decidiendo qui\u00e9n seguir\u00e1 y qui\u00e9n abandonar\u00e1 la casa primero en esta temporada hist\u00f3rica del reality.<\/p>\n<p data-start=\"2034\" data-end=\"2355\"><img alt=\"\" loading=\"lazy\" decoding=\"async\" class=\"alignnone size-medium wp-image-108778\" src=\"http:\/\/www.cordobatimes.com\/showup\/wp-content\/uploads\/2026\/02\/HCITNMMa8AA5GCd-733x420.jpg\" alt=\"\" width=\"733\" height=\"420\" srcset=\"https:\/\/www.cordobatimes.com\/showup\/wp-content\/uploads\/2026\/02\/HCITNMMa8AA5GCd-733x420.jpg 733w, https:\/\/www.cordobatimes.com\/showup\/wp-content\/uploads\/2026\/02\/HCITNMMa8AA5GCd-1024x586.jpg 1024w, https:\/\/www.cordobatimes.com\/showup\/wp-content\/uploads\/2026\/02\/HCITNMMa8AA5GCd-768x440.jpg 768w, https:\/\/www.cordobatimes.com\/showup\/wp-content\/uploads\/2026\/02\/HCITNMMa8AA5GCd-1536x880.jpg 1536w, https:\/\/www.cordobatimes.com\/showup\/wp-content\/uploads\/2026\/02\/HCITNMMa8AA5GCd-150x86.jpg 150w, https:\/\/www.cordobatimes.com\/showup\/wp-content\/uploads\/2026\/02\/HCITNMMa8AA5GCd-300x172.jpg 300w, https:\/\/www.cordobatimes.com\/showup\/wp-content\/uploads\/2026\/02\/HCITNMMa8AA5GCd-696x399.jpg 696w, https:\/\/www.cordobatimes.com\/showup\/wp-content\/uploads\/2026\/02\/HCITNMMa8AA5GCd-1068x612.jpg 1068w, https:\/\/www.cordobatimes.com\/showup\/wp-content\/uploads\/2026\/02\/HCITNMMa8AA5GCd.jpg 1568w\" sizes=\"auto, (max-width: 733px) 100vw, 733px\" \/><\/p>\n<div style=\"width: 532px;\" class=\"wp-video\"><video class=\"wp-video-shortcode\" id=\"video-108774-1\" width=\"532\" height=\"270\" preload=\"metadata\" controls=\"controls\"><source type=\"video\/mp4\" src=\"http:\/\/www.cordobatimes.com\/showup\/wp-content\/uploads\/2026\/02\/ssstwitter.com_1772195113352.mp4?_=1\" \/><a href=\"http:\/\/www.cordobatimes.com\/showup\/wp-content\/uploads\/2026\/02\/ssstwitter.com_1772195113352.mp4\">http:\/\/www.cordobatimes.com\/showup\/wp-content\/uploads\/2026\/02\/ssstwitter.com_1772195113352.mp4<\/a><\/video><\/div>\n","protected":false},"excerpt":{"rendered":"<p>En la primera gala de nominaciones de Gran Hermano Generaci\u00f3n Dorada, la edici\u00f3n 2026 del reality m\u00e1s visto del pa\u00eds, se defini\u00f3 la primera placa negativa de la temporada. Luego de la din\u00e1mica inicial en la que el p\u00fablico vot\u00f3 positivamente a sus favoritos, los tres participantes con m\u00e1s apoyo lograron salvarse de la placa. [&hellip;]<\/p>\n","protected":false},"author":24,"featured_media":108777,"comment_status":"closed","ping_status":"closed","sticky":false,"template":"","format":"standard","meta":{"_seopress_robots_primary_cat":"none","_seopress_titles_title":"","_seopress_titles_desc":"","_seopress_robots_index":"","footnotes":""},"categories":[2],"tags":[41350,41894],"class_list":{"0":"post-108774","1":"post","2":"type-post","3":"status-publish","4":"format-standard","5":"has-post-thumbnail","7":"category-tv","8":"tag-gran-hermano-generacion-dorada","9":"tag-primera-placa-negativa-de-gran-hermano-generacion-dorada"},"_links":{"self":[{"href":"https:\/\/www.cordobatimes.com\/showup\/wp-json\/wp\/v2\/posts\/108774","targetHints":{"allow":["GET"]}}],"collection":[{"href":"https:\/\/www.cordobatimes.com\/showup\/wp-json\/wp\/v2\/posts"}],"about":[{"href":"https:\/\/www.cordobatimes.com\/showup\/wp-json\/wp\/v2\/types\/post"}],"author":[{"embeddable":true,"href":"https:\/\/www.cordobatimes.com\/showup\/wp-json\/wp\/v2\/users\/24"}],"replies":[{"embeddable":true,"href":"https:\/\/www.cordobatimes.com\/showup\/wp-json\/wp\/v2\/comments?post=108774"}],"version-history":[{"count":1,"href":"https:\/\/www.cordobatimes.com\/showup\/wp-json\/wp\/v2\/posts\/108774\/revisions"}],"predecessor-version":[{"id":108780,"href":"https:\/\/www.cordobatimes.com\/showup\/wp-json\/wp\/v2\/posts\/108774\/revisions\/108780"}],"wp:featuredmedia":[{"embeddable":true,"href":"https:\/\/www.cordobatimes.com\/showup\/wp-json\/wp\/v2\/media\/108777"}],"wp:attachment":[{"href":"https:\/\/www.cordobatimes.com\/showup\/wp-json\/wp\/v2\/media?parent=108774"}],"wp:term":[{"taxonomy":"category","embeddable":true,"href":"https:\/\/www.cordobatimes.com\/showup\/wp-json\/wp\/v2\/categories?post=108774"},{"taxonomy":"post_tag","embeddable":true,"href":"https:\/\/www.cordobatimes.com\/showup\/wp-json\/wp\/v2\/tags?post=108774"}],"curies":[{"name":"wp","href":"https:\/\/api.w.org\/{rel}","templated":true}]}}