{"id":108763,"date":"2026-02-27T08:41:44","date_gmt":"2026-02-27T11:41:44","guid":{"rendered":"https:\/\/www.cordobatimes.com\/showup\/?p=108763"},"modified":"2026-02-27T08:41:44","modified_gmt":"2026-02-27T11:41:44","slug":"risa-y-la-cabina-del-viento-cazzu-debuta-en-la-pantalla-grande-con-una-historia-que-emociona","status":"publish","type":"post","link":"https:\/\/www.cordobatimes.com\/showup\/cine-y-series\/2026\/02\/27\/risa-y-la-cabina-del-viento-cazzu-debuta-en-la-pantalla-grande-con-una-historia-que-emociona\/","title":{"rendered":"Risa y La Cabina del Viento: Cazzu debuta en la pantalla grande con una historia que emociona"},"content":{"rendered":"<h3 data-start=\"193\" data-end=\"778\"><strong>La trapera argentina Julieta Cazzuchelli, conocida art\u00edsticamente como Cazzu, da un salto importante en su carrera al debutar como actriz en el largometraje \u201cRisa y la cabina del viento\u201d, un drama fant\u00e1stico dirigido por el reconocido cineasta Juan Cabral. La cinta se estren\u00f3 mundialmente el 10 de noviembre de 2025 en la Competencia Argentina del Festival Internacional de Cine de Mar del Plata, donde fue uno de los t\u00edtulos m\u00e1s esperados por la audiencia y la cr\u00edtica especializada. Su estreno comercial en salas de todo el pa\u00eds est\u00e1 previsto para abril de 2026.<\/strong><\/h3>\n<p data-start=\"780\" data-end=\"1172\">La historia gira en torno a <strong data-start=\"808\" data-end=\"816\">Risa<\/strong>, una ni\u00f1a de diez a\u00f1os que tras la muerte de su padre en un incendio descubre una cabina telef\u00f3nica fuera de servicio que misteriosamente le permite comunicarse con personas fallecidas. Cada una le encarga resolver asuntos pendientes en el mundo de los vivos para que ella pueda, finalmente, obtener la posibilidad de hablar una vez m\u00e1s con su progenitor.<\/p>\n<p data-start=\"1174\" data-end=\"1510\">El elenco tambi\u00e9n incluye figuras consagradas como <strong data-start=\"1225\" data-end=\"1242\">Diego Peretti<\/strong>, <strong data-start=\"1244\" data-end=\"1263\">Joaqu\u00edn Furriel<\/strong> y <strong data-start=\"1266\" data-end=\"1282\">Elena Romero<\/strong> \u2014quien interpreta a la peque\u00f1a protagonista. La pel\u00edcula combina elementos de realismo m\u00e1gico con un tono emotivo y reflexivo que ha capturado la atenci\u00f3n tanto en festivales como en audiencias anticipando su estreno comercial.<\/p>\n<p data-start=\"1512\" data-end=\"1826\">Tras la presentaci\u00f3n en Mar del Plata, \u201cRisa y la cabina del viento\u201d fue destacado por su sensibilidad narrativa y su propuesta original dentro del cine argentino contempor\u00e1neo. La participaci\u00f3n de Cazzu marca un nuevo cap\u00edtulo en su trayectoria art\u00edstica, confirmando su versatilidad m\u00e1s all\u00e1 de la m\u00fasica urbana.<\/p>\n<p data-start=\"1828\" data-end=\"2121\">La pel\u00edcula ya lanz\u00f3 su <strong data-start=\"1852\" data-end=\"1870\">primer tr\u00e1iler<\/strong>, generando expectativa entre sus seguidores y espectadores de todo el pa\u00eds, que podr\u00e1n verla pr\u00f3ximamente en salas a partir de <strong data-start=\"1998\" data-end=\"2015\">abril de 2026<\/strong> \u2014una apuesta que podr\u00eda consolidarse como uno de los estrenos m\u00e1s comentados del a\u00f1o en el cine nacional.<\/p>\n<div style=\"width: 540px;\" class=\"wp-video\"><video class=\"wp-video-shortcode\" id=\"video-108763-1\" width=\"540\" height=\"540\" preload=\"metadata\" controls=\"controls\"><source type=\"video\/mp4\" src=\"http:\/\/www.cordobatimes.com\/showup\/wp-content\/uploads\/2026\/02\/ssstwitter.com_1772192147879.mp4?_=1\" \/><a href=\"http:\/\/www.cordobatimes.com\/showup\/wp-content\/uploads\/2026\/02\/ssstwitter.com_1772192147879.mp4\">http:\/\/www.cordobatimes.com\/showup\/wp-content\/uploads\/2026\/02\/ssstwitter.com_1772192147879.mp4<\/a><\/video><\/div>\n","protected":false},"excerpt":{"rendered":"<p>La trapera argentina Julieta Cazzuchelli, conocida art\u00edsticamente como Cazzu, da un salto importante en su carrera al debutar como actriz en el largometraje \u201cRisa y la cabina del viento\u201d, un drama fant\u00e1stico dirigido por el reconocido cineasta Juan Cabral. La cinta se estren\u00f3 mundialmente el 10 de noviembre de 2025 en la Competencia Argentina del [&hellip;]<\/p>\n","protected":false},"author":24,"featured_media":108766,"comment_status":"closed","ping_status":"closed","sticky":false,"template":"","format":"standard","meta":{"_seopress_robots_primary_cat":"none","_seopress_titles_title":"","_seopress_titles_desc":"","_seopress_robots_index":"","footnotes":""},"categories":[3],"tags":[41889,41890,41887,41888],"class_list":{"0":"post-108763","1":"post","2":"type-post","3":"status-publish","4":"format-standard","5":"has-post-thumbnail","7":"category-cine-y-series","8":"tag-cazzu-debuta-como-actriz","9":"tag-julieta-cazzuchelli-debuta-como-actriz","10":"tag-risa-y-la-cabina-del-viento","11":"tag-trailer-de-risa-y-la-cabina-del-viento"},"_links":{"self":[{"href":"https:\/\/www.cordobatimes.com\/showup\/wp-json\/wp\/v2\/posts\/108763","targetHints":{"allow":["GET"]}}],"collection":[{"href":"https:\/\/www.cordobatimes.com\/showup\/wp-json\/wp\/v2\/posts"}],"about":[{"href":"https:\/\/www.cordobatimes.com\/showup\/wp-json\/wp\/v2\/types\/post"}],"author":[{"embeddable":true,"href":"https:\/\/www.cordobatimes.com\/showup\/wp-json\/wp\/v2\/users\/24"}],"replies":[{"embeddable":true,"href":"https:\/\/www.cordobatimes.com\/showup\/wp-json\/wp\/v2\/comments?post=108763"}],"version-history":[{"count":1,"href":"https:\/\/www.cordobatimes.com\/showup\/wp-json\/wp\/v2\/posts\/108763\/revisions"}],"predecessor-version":[{"id":108768,"href":"https:\/\/www.cordobatimes.com\/showup\/wp-json\/wp\/v2\/posts\/108763\/revisions\/108768"}],"wp:featuredmedia":[{"embeddable":true,"href":"https:\/\/www.cordobatimes.com\/showup\/wp-json\/wp\/v2\/media\/108766"}],"wp:attachment":[{"href":"https:\/\/www.cordobatimes.com\/showup\/wp-json\/wp\/v2\/media?parent=108763"}],"wp:term":[{"taxonomy":"category","embeddable":true,"href":"https:\/\/www.cordobatimes.com\/showup\/wp-json\/wp\/v2\/categories?post=108763"},{"taxonomy":"post_tag","embeddable":true,"href":"https:\/\/www.cordobatimes.com\/showup\/wp-json\/wp\/v2\/tags?post=108763"}],"curies":[{"name":"wp","href":"https:\/\/api.w.org\/{rel}","templated":true}]}}