{"id":10857,"date":"2014-02-03T02:47:34","date_gmt":"2014-02-03T05:47:34","guid":{"rendered":"http:\/\/cordobatimes.com\/showup\/?p=10857"},"modified":"2019-12-09T21:42:04","modified_gmt":"2019-12-10T00:42:04","slug":"juanes-adelanto-como-se-llamara-su-proximo-disco","status":"publish","type":"post","link":"https:\/\/www.cordobatimes.com\/showup\/musica\/2014\/02\/03\/juanes-adelanto-como-se-llamara-su-proximo-disco\/","title":{"rendered":"Juanes adelant\u00f3 c\u00f3mo se llamar\u00e1 su pr\u00f3ximo disco"},"content":{"rendered":"<h3 style=\"text-align: justify;\"><strong>A trav\u00e9s de Facebook y Twitter, el cantante colombiano comparti\u00f3 con sus m\u00e1s de 15 millones de seguidores el lanzamiento de su nuevo \u00e1lbum: \u201cLoco de Amor\u201d, el cual saldr\u00e1 a la venta mundialmente el pr\u00f3ximo 11 de marzo.<\/strong><\/h3>\n<p style=\"text-align: justify;\">El primer sencillo del \u00e1lbum \u00abLa Luz\u00bb\u00a0ha marcado r\u00e9cords de audiencia y se ha colocado r\u00e1pidamente como uno de los favoritos en las listas de Pop en espa\u00f1ol.<\/p>\n<blockquote class=\"twitter-tweet\" data-lang=\"es\">\n<p dir=\"ltr\" lang=\"es\">Mi sentimiento se traduce en tres palabras: \u2018LOCO DE AMOR\u2019. Nuevo \u00e1lbum: marzo 11. <a href=\"https:\/\/twitter.com\/hashtag\/LocoDeAmor?src=hash&amp;ref_src=twsrc%5Etfw\">#LocoDeAmor<\/a><\/p>\n<p>\u2014 JUANES (@juanes) <a href=\"https:\/\/twitter.com\/juanes\/status\/428981005484302336?ref_src=twsrc%5Etfw\">30 de enero de 2014<\/a><\/p><\/blockquote>\n<p><script async src=\"https:\/\/platform.twitter.com\/widgets.js\" charset=\"utf-8\"><\/script><\/p>\n<p style=\"text-align: justify;\">Despu\u00e9s de su exitoso tour \u201cLoud &amp; Unplugged \u201d y con m\u00e1s inspiraci\u00f3n que nunca, Juanes regres\u00f3 al estudio para grabar \u201cLoco de Amor\u201d, donde sum\u00f3 la creatividad del aclamado productor de rock, Steve Lillywhite, adem\u00e1s cont\u00f3 con la colaboraci\u00f3n del reconocido productor y m\u00fasico \u201cMeme\u201ddel Real de (Caf\u00e9 Tacvba), Abe Laboriel y Brian Ray (Paul McCartney), por lo que el resultado de esta fusi\u00f3n de talento, se ver\u00e1 el pr\u00f3ximo 11 de marzo cuando lance de manera mundial su nuevo \u00e1lbum.<\/p>\n<p><iframe loading=\"lazy\" src=\"\/\/www.youtube.com\/embed\/fw8kQxMQ6uc\" width=\"560\" height=\"315\" frameborder=\"0\" allowfullscreen=\"allowfullscreen\"><\/iframe><\/p>\n<p style=\"text-align: justify;\">Adem\u00e1s, el colombiano es reconocido frecuentemente como una de las voces en espa\u00f1ol l\u00edderes en redes sociales con m\u00e1s de 16 millones de seguidores, tambi\u00e9n es un activista y su dedicaci\u00f3n va m\u00e1s all\u00e1 de sus letras apasionadas, ya que su trabajo de apoyo a distintas comunidades desde \u201cFundaci\u00f3n Mi Sangre\u201d a la organizaci\u00f3n de la que es co-fundador, \u201cPaz Sin Fronteras\u201d, donde usa la m\u00fasica para unir pueblos sin importar divisiones pol\u00edticas o geogr\u00e1ficas, para de esta forma dar el mensaje de que todos tenemos el derecho humano b\u00e1sico de la paz.<\/p>\n","protected":false},"excerpt":{"rendered":"<p>A trav\u00e9s de Facebook y Twitter, el cantante colombiano comparti\u00f3 con sus m\u00e1s de 15 millones de seguidores el lanzamiento de su nuevo \u00e1lbum: \u201cLoco de Amor\u201d, el cual saldr\u00e1 a la venta mundialmente el pr\u00f3ximo 11 de marzo. El primer sencillo del \u00e1lbum \u00abLa Luz\u00bb\u00a0ha marcado r\u00e9cords de audiencia y se ha colocado r\u00e1pidamente [&hellip;]<\/p>\n","protected":false},"author":9,"featured_media":10858,"comment_status":"closed","ping_status":"closed","sticky":false,"template":"","format":"standard","meta":{"_seopress_robots_primary_cat":"","_seopress_titles_title":"","_seopress_titles_desc":"","_seopress_robots_index":"","footnotes":""},"categories":[5],"tags":[26245,26863,26864,26244],"class_list":{"0":"post-10857","1":"post","2":"type-post","3":"status-publish","4":"format-standard","5":"has-post-thumbnail","7":"category-musica","8":"tag-loco-de-amor-la-luz","9":"tag-canciones-de-juanes","10":"tag-discografia-de-juanes","11":"tag-juanes-loco-de-amor"},"_links":{"self":[{"href":"https:\/\/www.cordobatimes.com\/showup\/wp-json\/wp\/v2\/posts\/10857","targetHints":{"allow":["GET"]}}],"collection":[{"href":"https:\/\/www.cordobatimes.com\/showup\/wp-json\/wp\/v2\/posts"}],"about":[{"href":"https:\/\/www.cordobatimes.com\/showup\/wp-json\/wp\/v2\/types\/post"}],"author":[{"embeddable":true,"href":"https:\/\/www.cordobatimes.com\/showup\/wp-json\/wp\/v2\/users\/9"}],"replies":[{"embeddable":true,"href":"https:\/\/www.cordobatimes.com\/showup\/wp-json\/wp\/v2\/comments?post=10857"}],"version-history":[{"count":0,"href":"https:\/\/www.cordobatimes.com\/showup\/wp-json\/wp\/v2\/posts\/10857\/revisions"}],"wp:featuredmedia":[{"embeddable":true,"href":"https:\/\/www.cordobatimes.com\/showup\/wp-json\/wp\/v2\/media\/10858"}],"wp:attachment":[{"href":"https:\/\/www.cordobatimes.com\/showup\/wp-json\/wp\/v2\/media?parent=10857"}],"wp:term":[{"taxonomy":"category","embeddable":true,"href":"https:\/\/www.cordobatimes.com\/showup\/wp-json\/wp\/v2\/categories?post=10857"},{"taxonomy":"post_tag","embeddable":true,"href":"https:\/\/www.cordobatimes.com\/showup\/wp-json\/wp\/v2\/tags?post=10857"}],"curies":[{"name":"wp","href":"https:\/\/api.w.org\/{rel}","templated":true}]}}