{"id":10809,"date":"2014-02-03T02:55:13","date_gmt":"2014-02-03T05:55:13","guid":{"rendered":"http:\/\/cordobatimes.com\/showup\/?p=10809"},"modified":"2019-11-28T20:46:38","modified_gmt":"2019-11-28T23:46:38","slug":"de-nuevo-cristian-ahora-se-la-da-de-rockero-video","status":"publish","type":"post","link":"https:\/\/www.cordobatimes.com\/showup\/musica\/2014\/02\/03\/de-nuevo-cristian-ahora-se-la-da-de-rockero-video\/","title":{"rendered":"De nuevo Cristian: Ahora se la da de \u00abRockero\u00bb (Video)"},"content":{"rendered":"<h3><strong>Las canciones rom\u00e1nticas de Cristian Castro son conocidas por todos. Pero resulta que ahora el mexicano demostr\u00f3 que puede interpretar otros g\u00e9neros y se anim\u00f3 a incursionar en el rock.\u00a0<\/strong><\/h3>\n<p>Recientemente, el cantante grab\u00f3 una canci\u00f3n llamada Purgatorio, el primer single de su nuevo proyecto La Esfinge.<\/p>\n<p>La letra est\u00e1 relacionada con el nombre de la canci\u00f3n, y un t\u00f3pico muy diferente a los que Castro suele tocar. \u00abSe oyen cantos \/ en la selva m\u00e1s oscura \/ un aullido de ultratumba\u00bb o \u00abtodas las almas se ir\u00e1n \/ s\u00e9 que por fin he llegado el momento \/ ya no quiero regresar \/ me voy al infierno\u00bb.<\/p>\n<p>Cristian ha contratado a David Bottrill, productor de Tool, Placebo, Muse y Smashing Pumpkins para lograr su cometido, en lo que ser\u00e1 un disco solista que saldr\u00e1 el pr\u00f3ximo 25 de febrero.<\/p>\n<p><iframe loading=\"lazy\" src=\"https:\/\/www.youtube.com\/embed\/y6pynWHVIhk\" width=\"560\" height=\"315\" frameborder=\"0\" allowfullscreen=\"allowfullscreen\"><\/iframe><\/p>\n<p><iframe loading=\"lazy\" src=\"https:\/\/www.youtube.com\/embed\/UlsdbvK1N0I\" width=\"560\" height=\"315\" frameborder=\"0\" allowfullscreen=\"allowfullscreen\"><\/iframe><\/p>\n<p><iframe loading=\"lazy\" src=\"https:\/\/www.youtube.com\/embed\/v3rZ6ZI2p2c\" width=\"560\" height=\"315\" frameborder=\"0\" allowfullscreen=\"allowfullscreen\"><\/iframe><\/p>\n","protected":false},"excerpt":{"rendered":"<p>Las canciones rom\u00e1nticas de Cristian Castro son conocidas por todos. Pero resulta que ahora el mexicano demostr\u00f3 que puede interpretar otros g\u00e9neros y se anim\u00f3 a incursionar en el rock.\u00a0 Recientemente, el cantante grab\u00f3 una canci\u00f3n llamada Purgatorio, el primer single de su nuevo proyecto La Esfinge. La letra est\u00e1 relacionada con el nombre de [&hellip;]<\/p>\n","protected":false},"author":9,"featured_media":10843,"comment_status":"closed","ping_status":"closed","sticky":false,"template":"","format":"standard","meta":{"_seopress_robots_primary_cat":"","_seopress_titles_title":"","_seopress_titles_desc":"","_seopress_robots_index":"","footnotes":""},"categories":[5],"tags":[26243,26242],"class_list":{"0":"post-10809","1":"post","2":"type-post","3":"status-publish","4":"format-standard","5":"has-post-thumbnail","7":"category-musica","8":"tag-cristian-castro-purgatorio","9":"tag-cristian-castro-rockero"},"_links":{"self":[{"href":"https:\/\/www.cordobatimes.com\/showup\/wp-json\/wp\/v2\/posts\/10809","targetHints":{"allow":["GET"]}}],"collection":[{"href":"https:\/\/www.cordobatimes.com\/showup\/wp-json\/wp\/v2\/posts"}],"about":[{"href":"https:\/\/www.cordobatimes.com\/showup\/wp-json\/wp\/v2\/types\/post"}],"author":[{"embeddable":true,"href":"https:\/\/www.cordobatimes.com\/showup\/wp-json\/wp\/v2\/users\/9"}],"replies":[{"embeddable":true,"href":"https:\/\/www.cordobatimes.com\/showup\/wp-json\/wp\/v2\/comments?post=10809"}],"version-history":[{"count":0,"href":"https:\/\/www.cordobatimes.com\/showup\/wp-json\/wp\/v2\/posts\/10809\/revisions"}],"wp:featuredmedia":[{"embeddable":true,"href":"https:\/\/www.cordobatimes.com\/showup\/wp-json\/wp\/v2\/media\/10843"}],"wp:attachment":[{"href":"https:\/\/www.cordobatimes.com\/showup\/wp-json\/wp\/v2\/media?parent=10809"}],"wp:term":[{"taxonomy":"category","embeddable":true,"href":"https:\/\/www.cordobatimes.com\/showup\/wp-json\/wp\/v2\/categories?post=10809"},{"taxonomy":"post_tag","embeddable":true,"href":"https:\/\/www.cordobatimes.com\/showup\/wp-json\/wp\/v2\/tags?post=10809"}],"curies":[{"name":"wp","href":"https:\/\/api.w.org\/{rel}","templated":true}]}}