{"id":107924,"date":"2026-02-06T14:20:58","date_gmt":"2026-02-06T17:20:58","guid":{"rendered":"https:\/\/www.cordobatimes.com\/showup\/?p=107924"},"modified":"2026-02-06T14:26:26","modified_gmt":"2026-02-06T17:26:26","slug":"parque-lezama-salio-el-trailer-y-ya-tiene-fecha-de-estreno","status":"publish","type":"post","link":"https:\/\/www.cordobatimes.com\/showup\/cine-y-series\/2026\/02\/06\/parque-lezama-salio-el-trailer-y-ya-tiene-fecha-de-estreno\/","title":{"rendered":"Parque Lezama: sali\u00f3 el tr\u00e1iler y ya tiene fecha de estreno"},"content":{"rendered":"<p class=\"isSelectedEnd\">Netflix lanz\u00f3 el tr\u00e1iler oficial de <em>Parque Lezama<\/em>, la pel\u00edcula dirigida por Juan Jos\u00e9 Campanella y protagonizada por Luis Brandoni y Eduardo Blanco.<\/p>\n<p class=\"isSelectedEnd\">El film adapta la exitosa obra teatral argentina hom\u00f3nima \u2014inspirada en <em>I\u2019m Not Rappaport<\/em> de Herb Gardner\u2014 y traslada a la pantalla grande la historia de dos hombres mayores que se encuentran en un banco del Parque Lezama, en Buenos Aires. Entre charlas, humor y debates pol\u00edticos y personales, se construye una relaci\u00f3n tan tierna como filosa.<\/p>\n<p class=\"isSelectedEnd\">Brandoni y Blanco retoman los personajes que interpretaron en teatro, ahora bajo la mirada cinematogr\u00e1fica de Campanella.<\/p>\n<p>La pel\u00edcula llegar\u00e1 primero a los cines argentinos el 19 de febrero y luego se estrenar\u00e1 en Netflix el 6 de marzo.<\/p>\n<div style=\"width: 480px;\" class=\"wp-video\"><video class=\"wp-video-shortcode\" id=\"video-107924-1\" width=\"480\" height=\"600\" preload=\"metadata\" controls=\"controls\"><source type=\"video\/mp4\" src=\"http:\/\/www.cordobatimes.com\/showup\/wp-content\/uploads\/2026\/02\/ssstwitter.com_1770398213531.mp4?_=1\" \/><a href=\"http:\/\/www.cordobatimes.com\/showup\/wp-content\/uploads\/2026\/02\/ssstwitter.com_1770398213531.mp4\">http:\/\/www.cordobatimes.com\/showup\/wp-content\/uploads\/2026\/02\/ssstwitter.com_1770398213531.mp4<\/a><\/video><\/div>\n","protected":false},"excerpt":{"rendered":"<p>Netflix lanz\u00f3 el tr\u00e1iler oficial de Parque Lezama, la pel\u00edcula dirigida por Juan Jos\u00e9 Campanella y protagonizada por Luis Brandoni y Eduardo Blanco. El film adapta la exitosa obra teatral argentina hom\u00f3nima \u2014inspirada en I\u2019m Not Rappaport de Herb Gardner\u2014 y traslada a la pantalla grande la historia de dos hombres mayores que se encuentran [&hellip;]<\/p>\n","protected":false},"author":24,"featured_media":107932,"comment_status":"closed","ping_status":"closed","sticky":false,"template":"","format":"standard","meta":{"_seopress_robots_primary_cat":"none","_seopress_titles_title":"","_seopress_titles_desc":"","_seopress_robots_index":"","footnotes":""},"categories":[3],"tags":[41612,41614],"class_list":{"0":"post-107924","1":"post","2":"type-post","3":"status-publish","4":"format-standard","5":"has-post-thumbnail","7":"category-cine-y-series","8":"tag-parque-lezama","9":"tag-trailer-parque-lezama"},"_links":{"self":[{"href":"https:\/\/www.cordobatimes.com\/showup\/wp-json\/wp\/v2\/posts\/107924","targetHints":{"allow":["GET"]}}],"collection":[{"href":"https:\/\/www.cordobatimes.com\/showup\/wp-json\/wp\/v2\/posts"}],"about":[{"href":"https:\/\/www.cordobatimes.com\/showup\/wp-json\/wp\/v2\/types\/post"}],"author":[{"embeddable":true,"href":"https:\/\/www.cordobatimes.com\/showup\/wp-json\/wp\/v2\/users\/24"}],"replies":[{"embeddable":true,"href":"https:\/\/www.cordobatimes.com\/showup\/wp-json\/wp\/v2\/comments?post=107924"}],"version-history":[{"count":0,"href":"https:\/\/www.cordobatimes.com\/showup\/wp-json\/wp\/v2\/posts\/107924\/revisions"}],"wp:featuredmedia":[{"embeddable":true,"href":"https:\/\/www.cordobatimes.com\/showup\/wp-json\/wp\/v2\/media\/107932"}],"wp:attachment":[{"href":"https:\/\/www.cordobatimes.com\/showup\/wp-json\/wp\/v2\/media?parent=107924"}],"wp:term":[{"taxonomy":"category","embeddable":true,"href":"https:\/\/www.cordobatimes.com\/showup\/wp-json\/wp\/v2\/categories?post=107924"},{"taxonomy":"post_tag","embeddable":true,"href":"https:\/\/www.cordobatimes.com\/showup\/wp-json\/wp\/v2\/tags?post=107924"}],"curies":[{"name":"wp","href":"https:\/\/api.w.org\/{rel}","templated":true}]}}