{"id":107902,"date":"2026-02-06T10:03:17","date_gmt":"2026-02-06T13:03:17","guid":{"rendered":"https:\/\/www.cordobatimes.com\/showup\/?p=107902"},"modified":"2026-02-06T10:03:17","modified_gmt":"2026-02-06T13:03:17","slug":"el-joven-sherlock-la-ambiciosa-nueva-serie-de-guy-ritchie-llega-a-prime-video-el-4-de-marzo","status":"publish","type":"post","link":"https:\/\/www.cordobatimes.com\/showup\/cine-y-series\/2026\/02\/06\/el-joven-sherlock-la-ambiciosa-nueva-serie-de-guy-ritchie-llega-a-prime-video-el-4-de-marzo\/","title":{"rendered":"\u201cEl joven Sherlock\u201d: la ambiciosa nueva serie de Guy Ritchie llega a Prime Video el 4 de marzo"},"content":{"rendered":"<h3 data-start=\"316\" data-end=\"710\"><strong>Prime Video anunci\u00f3 el estreno mundial de \u201cEl joven Sherlock\u201d, una serie creada por televisi\u00f3n con estreno global el 4 de marzo de 2026, que propone una reinvenci\u00f3n del origen del legendario detective Sherlock Holmes. Todos los episodios estar\u00e1n disponibles desde ese d\u00eda exclusivamente en la plataforma, en m\u00e1s de 240 pa\u00edses y territorios.<\/strong><\/h3>\n<p data-start=\"712\" data-end=\"1169\">La producci\u00f3n, que consta de <strong data-start=\"741\" data-end=\"759\">ocho cap\u00edtulos<\/strong>, sigue a un <strong data-start=\"772\" data-end=\"807\">Sherlock Holmes joven y rebelde<\/strong>, todav\u00eda lejos de convertirse en el ic\u00f3nico investigador de Baker Street. Ambientada en la <strong data-start=\"899\" data-end=\"930\">Oxford de la d\u00e9cada de 1870<\/strong>, la historia arranca cuando un caso de asesinato \u2014que pone en riesgo su libertad\u2014 lo lleva a desentra\u00f1ar una <strong data-start=\"1040\" data-end=\"1070\">conspiraci\u00f3n internacional<\/strong> que marcar\u00e1 el rumbo de su vida y lo forjar\u00e1 como detective.<\/p>\n<p data-start=\"1171\" data-end=\"1515\">La serie viene con el sello de <strong data-start=\"1202\" data-end=\"1217\">Guy Ritchie<\/strong>, director y productor ejecutivo, quien adem\u00e1s dirigi\u00f3 los dos primeros episodios. Ritchie ya es conocido por su trabajo anterior con el universo de Sherlock en cine, y aqu\u00ed aporta una visi\u00f3n <strong data-start=\"1409\" data-end=\"1448\">din\u00e1mica, audaz y cargada de acci\u00f3n<\/strong> al personaje en su juventud.<\/p>\n<p data-start=\"1517\" data-end=\"1975\">El elenco est\u00e1 encabezado por <strong data-start=\"1547\" data-end=\"1570\">Hero Fiennes Tiffin<\/strong> en el papel de Sherlock Holmes, acompa\u00f1ado por <strong data-start=\"1618\" data-end=\"1632\">D\u00f3nal Finn<\/strong> (como James Moriarty), <strong data-start=\"1656\" data-end=\"1670\">Zine Tseng<\/strong>, <strong data-start=\"1672\" data-end=\"1690\">Joseph Fiennes<\/strong>, <strong data-start=\"1692\" data-end=\"1713\">Natascha McElhone<\/strong>, <strong data-start=\"1715\" data-end=\"1728\">Max Irons<\/strong> y <strong data-start=\"1731\" data-end=\"1746\">Colin Firth<\/strong>. La serie fue creada por <strong data-start=\"1772\" data-end=\"1792\">Matthew Parkhill<\/strong>, quien tambi\u00e9n es showrunner y productor ejecutivo junto a un equipo creativo amplio, con la producci\u00f3n f\u00edsica liderada por <strong data-start=\"1917\" data-end=\"1936\">Motive Pictures<\/strong>.<\/p>\n<p data-start=\"1977\" data-end=\"2384\">\u201cEl joven Sherlock\u201d se presenta como una propuesta atractiva tanto para fans del cl\u00e1sico detective \u2014al incorporar elementos can\u00f3nicos como la temprana rivalidad con Moriarty\u2014 como para nuevos espectadores, con una mezcla de <strong data-start=\"2201\" data-end=\"2266\">misterio, aventura y acci\u00f3n en un contexto hist\u00f3rico vibrante<\/strong> que expande el universo de uno de los personajes m\u00e1s reconocidos de la ficci\u00f3n.<\/p>\n<div style=\"width: 696px;\" class=\"wp-video\"><video class=\"wp-video-shortcode\" id=\"video-107902-1\" width=\"696\" height=\"696\" preload=\"metadata\" controls=\"controls\"><source type=\"video\/mp4\" src=\"http:\/\/www.cordobatimes.com\/showup\/wp-content\/uploads\/2026\/02\/ssstwitter.com_1770382648135.mp4?_=1\" \/><a href=\"http:\/\/www.cordobatimes.com\/showup\/wp-content\/uploads\/2026\/02\/ssstwitter.com_1770382648135.mp4\">http:\/\/www.cordobatimes.com\/showup\/wp-content\/uploads\/2026\/02\/ssstwitter.com_1770382648135.mp4<\/a><\/video><\/div>\n","protected":false},"excerpt":{"rendered":"<p>Prime Video anunci\u00f3 el estreno mundial de \u201cEl joven Sherlock\u201d, una serie creada por televisi\u00f3n con estreno global el 4 de marzo de 2026, que propone una reinvenci\u00f3n del origen del legendario detective Sherlock Holmes. Todos los episodios estar\u00e1n disponibles desde ese d\u00eda exclusivamente en la plataforma, en m\u00e1s de 240 pa\u00edses y territorios. La [&hellip;]<\/p>\n","protected":false},"author":24,"featured_media":107905,"comment_status":"closed","ping_status":"closed","sticky":false,"template":"","format":"standard","meta":{"_seopress_robots_primary_cat":"none","_seopress_titles_title":"","_seopress_titles_desc":"","_seopress_robots_index":"","footnotes":""},"categories":[3],"tags":[41602,41604,41603],"class_list":{"0":"post-107902","1":"post","2":"type-post","3":"status-publish","4":"format-standard","5":"has-post-thumbnail","7":"category-cine-y-series","8":"tag-el-joven-sherlock","9":"tag-serie-el-joven-sherlock","10":"tag-trailer-de-el-joven-sherlock"},"_links":{"self":[{"href":"https:\/\/www.cordobatimes.com\/showup\/wp-json\/wp\/v2\/posts\/107902","targetHints":{"allow":["GET"]}}],"collection":[{"href":"https:\/\/www.cordobatimes.com\/showup\/wp-json\/wp\/v2\/posts"}],"about":[{"href":"https:\/\/www.cordobatimes.com\/showup\/wp-json\/wp\/v2\/types\/post"}],"author":[{"embeddable":true,"href":"https:\/\/www.cordobatimes.com\/showup\/wp-json\/wp\/v2\/users\/24"}],"replies":[{"embeddable":true,"href":"https:\/\/www.cordobatimes.com\/showup\/wp-json\/wp\/v2\/comments?post=107902"}],"version-history":[{"count":0,"href":"https:\/\/www.cordobatimes.com\/showup\/wp-json\/wp\/v2\/posts\/107902\/revisions"}],"wp:featuredmedia":[{"embeddable":true,"href":"https:\/\/www.cordobatimes.com\/showup\/wp-json\/wp\/v2\/media\/107905"}],"wp:attachment":[{"href":"https:\/\/www.cordobatimes.com\/showup\/wp-json\/wp\/v2\/media?parent=107902"}],"wp:term":[{"taxonomy":"category","embeddable":true,"href":"https:\/\/www.cordobatimes.com\/showup\/wp-json\/wp\/v2\/categories?post=107902"},{"taxonomy":"post_tag","embeddable":true,"href":"https:\/\/www.cordobatimes.com\/showup\/wp-json\/wp\/v2\/tags?post=107902"}],"curies":[{"name":"wp","href":"https:\/\/api.w.org\/{rel}","templated":true}]}}