{"id":10782,"date":"2022-10-27T08:00:37","date_gmt":"2022-10-27T11:00:37","guid":{"rendered":"http:\/\/cordobatimes.com\/showup\/?p=10782"},"modified":"2022-10-27T09:32:28","modified_gmt":"2022-10-27T12:32:28","slug":"menu-de-martes-ensalada-de-arroz","status":"publish","type":"post","link":"https:\/\/www.cordobatimes.com\/showup\/cocina\/2022\/10\/27\/menu-de-martes-ensalada-de-arroz\/","title":{"rendered":"Ensalada de arroz"},"content":{"rendered":"<p style=\"text-align: justify;\"><span style=\"text-decoration: underline;\"><strong>Ingredientes:<\/strong><\/span><\/p>\n<ul style=\"text-align: justify;\">\n<li>1 taza de arroz<\/li>\n<li>1\/4 taza de jugo de lim\u00f3n<\/li>\n<li>4 cucharadas de aceite de oliva<\/li>\n<li>1 taza de pimiento verde<\/li>\n<li>1 taza de cubitos sin semillas de pimiento amarillo<\/li>\n<li>1 taza de cubitos de zapallitos<\/li>\n<li>1 palta, partida por la mitad, pelada, cortada en cubitos<\/li>\n<li>1\/2 taza de cebollas en rodajas finas<\/li>\n<li>1\/2 taza de cilantro fresco picado<\/li>\n<\/ul>\n<p style=\"text-align: justify;\"><span style=\"text-decoration: underline;\"><strong>Modo de Preparaci\u00f3n:<\/strong><\/span><\/p>\n<ul>\n<li style=\"text-align: justify;\">Cocinar el arroz con las instrucciones del paquete. Escurrir y enjuagar con agua fr\u00eda.<\/li>\n<li style=\"text-align: justify;\">Mientras tanto, batir el jugo de lim\u00f3n y 3 cucharadas de aceite en un taz\u00f3n peque\u00f1o. Sazonar al gusto con sal y pimienta.<\/li>\n<li style=\"text-align: justify;\">Calentar 1 cucharada de aceite en una sart\u00e9n antiadherente grande a fuego medio. A\u00f1adir el pimiento verde, pimiento amarillo, y el zapallito.<\/li>\n<li style=\"text-align: justify;\">Espolvorear con sal y pimienta. Saltear hasta que las verduras est\u00e9n tiernas, 6-7 minutos; ponerlas en un bol grande. A\u00f1adir el arroz, la palta, la cebolla, el cilantro, y el aderezo; revolver.<\/li>\n<\/ul>\n<p style=\"text-align: justify;\">\n","protected":false},"excerpt":{"rendered":"<p>Ingredientes: 1 taza de arroz 1\/4 taza de jugo de lim\u00f3n 4 cucharadas de aceite de oliva 1 taza de pimiento verde 1 taza de cubitos sin semillas de pimiento amarillo 1 taza de cubitos de zapallitos 1 palta, partida por la mitad, pelada, cortada en cubitos 1\/2 taza de cebollas en rodajas finas 1\/2 [&hellip;]<\/p>\n","protected":false},"author":9,"featured_media":10784,"comment_status":"closed","ping_status":"closed","sticky":false,"template":"","format":"standard","meta":{"_seopress_robots_primary_cat":"","_seopress_titles_title":"","_seopress_titles_desc":"","_seopress_robots_index":"","footnotes":""},"categories":[1,317],"tags":[34631,34632,15229,11641,2452,2940,23721],"class_list":{"0":"post-10782","1":"post","2":"type-post","3":"status-publish","4":"format-standard","5":"has-post-thumbnail","7":"category-cocina","8":"category-recetas","9":"tag-ensalada-de-arroz-receta","10":"tag-receta-de-ensalada-de-arroz","11":"tag-recetas-de-arroz","12":"tag-recetas-de-ensaladas","13":"tag-recetas-de-verano","14":"tag-recetas-rapidas","15":"tag-tipos-de-ensaladas"},"_links":{"self":[{"href":"https:\/\/www.cordobatimes.com\/showup\/wp-json\/wp\/v2\/posts\/10782","targetHints":{"allow":["GET"]}}],"collection":[{"href":"https:\/\/www.cordobatimes.com\/showup\/wp-json\/wp\/v2\/posts"}],"about":[{"href":"https:\/\/www.cordobatimes.com\/showup\/wp-json\/wp\/v2\/types\/post"}],"author":[{"embeddable":true,"href":"https:\/\/www.cordobatimes.com\/showup\/wp-json\/wp\/v2\/users\/9"}],"replies":[{"embeddable":true,"href":"https:\/\/www.cordobatimes.com\/showup\/wp-json\/wp\/v2\/comments?post=10782"}],"version-history":[{"count":0,"href":"https:\/\/www.cordobatimes.com\/showup\/wp-json\/wp\/v2\/posts\/10782\/revisions"}],"wp:featuredmedia":[{"embeddable":true,"href":"https:\/\/www.cordobatimes.com\/showup\/wp-json\/wp\/v2\/media\/10784"}],"wp:attachment":[{"href":"https:\/\/www.cordobatimes.com\/showup\/wp-json\/wp\/v2\/media?parent=10782"}],"wp:term":[{"taxonomy":"category","embeddable":true,"href":"https:\/\/www.cordobatimes.com\/showup\/wp-json\/wp\/v2\/categories?post=10782"},{"taxonomy":"post_tag","embeddable":true,"href":"https:\/\/www.cordobatimes.com\/showup\/wp-json\/wp\/v2\/tags?post=10782"}],"curies":[{"name":"wp","href":"https:\/\/api.w.org\/{rel}","templated":true}]}}