{"id":107768,"date":"2026-02-03T11:42:51","date_gmt":"2026-02-03T14:42:51","guid":{"rendered":"https:\/\/www.cordobatimes.com\/showup\/?p=107768"},"modified":"2026-02-03T11:42:51","modified_gmt":"2026-02-03T14:42:51","slug":"peter-lanzani-fue-operado-de-apendicitis","status":"publish","type":"post","link":"https:\/\/www.cordobatimes.com\/showup\/famosos\/2026\/02\/03\/peter-lanzani-fue-operado-de-apendicitis\/","title":{"rendered":"Peter Lanzani fue operado de apendicitis"},"content":{"rendered":"<h3 class=\"isSelectedEnd\"><strong>El actor Peter Lanzani confirm\u00f3 en sus redes sociales que fue intervenido quir\u00fargicamente por apendicitis y que ya se encuentra recuper\u00e1ndose en su casa.<\/strong><\/h3>\n<p class=\"isSelectedEnd\">Desde su cuenta de Instagram, comparti\u00f3 una foto con camisol\u00edn hospitalario y tranquiliz\u00f3 a sus seguidores: \u201cGracias a todos los que se preocuparon y mandaron mensajes. Tuve apendicitis y ya estoy operado y descansando en mi casa. Informando con la verdad\u2026 #pitynews\u201d.<\/p>\n<p class=\"isSelectedEnd\">La apendicitis es una inflamaci\u00f3n del ap\u00e9ndice que suele requerir cirug\u00eda de urgencia. Tras la operaci\u00f3n, la mayor\u00eda de los pacientes puede retomar su recuperaci\u00f3n en el hogar con reposo y controles m\u00e9dicos.<\/p>\n<p>Por el momento, Lanzani no brind\u00f3 m\u00e1s detalles sobre su estado de salud, pero dej\u00f3 en claro que evoluciona favorablemente y est\u00e1 fuera de peligro.<\/p>\n<p><img alt=\"\" loading=\"lazy\" decoding=\"async\" class=\"alignnone wp-image-107772 size-full\" src=\"http:\/\/www.cordobatimes.com\/showup\/wp-content\/uploads\/2026\/02\/3c8d4b68-0d4a-49de-9d09-13907aaa752e.jpg\" alt=\"\" width=\"1080\" height=\"1920\" srcset=\"https:\/\/www.cordobatimes.com\/showup\/wp-content\/uploads\/2026\/02\/3c8d4b68-0d4a-49de-9d09-13907aaa752e.jpg 1080w, https:\/\/www.cordobatimes.com\/showup\/wp-content\/uploads\/2026\/02\/3c8d4b68-0d4a-49de-9d09-13907aaa752e-236x420.jpg 236w, https:\/\/www.cordobatimes.com\/showup\/wp-content\/uploads\/2026\/02\/3c8d4b68-0d4a-49de-9d09-13907aaa752e-576x1024.jpg 576w, https:\/\/www.cordobatimes.com\/showup\/wp-content\/uploads\/2026\/02\/3c8d4b68-0d4a-49de-9d09-13907aaa752e-768x1365.jpg 768w, https:\/\/www.cordobatimes.com\/showup\/wp-content\/uploads\/2026\/02\/3c8d4b68-0d4a-49de-9d09-13907aaa752e-864x1536.jpg 864w, https:\/\/www.cordobatimes.com\/showup\/wp-content\/uploads\/2026\/02\/3c8d4b68-0d4a-49de-9d09-13907aaa752e-150x267.jpg 150w, https:\/\/www.cordobatimes.com\/showup\/wp-content\/uploads\/2026\/02\/3c8d4b68-0d4a-49de-9d09-13907aaa752e-300x533.jpg 300w, https:\/\/www.cordobatimes.com\/showup\/wp-content\/uploads\/2026\/02\/3c8d4b68-0d4a-49de-9d09-13907aaa752e-696x1237.jpg 696w, https:\/\/www.cordobatimes.com\/showup\/wp-content\/uploads\/2026\/02\/3c8d4b68-0d4a-49de-9d09-13907aaa752e-1068x1899.jpg 1068w\" sizes=\"auto, (max-width: 1080px) 100vw, 1080px\" \/><\/p>\n<p>&nbsp;<\/p>\n","protected":false},"excerpt":{"rendered":"<p>El actor Peter Lanzani confirm\u00f3 en sus redes sociales que fue intervenido quir\u00fargicamente por apendicitis y que ya se encuentra recuper\u00e1ndose en su casa. Desde su cuenta de Instagram, comparti\u00f3 una foto con camisol\u00edn hospitalario y tranquiliz\u00f3 a sus seguidores: \u201cGracias a todos los que se preocuparon y mandaron mensajes. Tuve apendicitis y ya estoy [&hellip;]<\/p>\n","protected":false},"author":24,"featured_media":107771,"comment_status":"closed","ping_status":"closed","sticky":false,"template":"","format":"standard","meta":{"_seopress_robots_primary_cat":"none","_seopress_titles_title":"","_seopress_titles_desc":"","_seopress_robots_index":"","footnotes":""},"categories":[4],"tags":[657,41560],"class_list":{"0":"post-107768","1":"post","2":"type-post","3":"status-publish","4":"format-standard","5":"has-post-thumbnail","7":"category-famosos","8":"tag-peter-lanzani","9":"tag-peter-lanzani-operado-de-apendicitis"},"_links":{"self":[{"href":"https:\/\/www.cordobatimes.com\/showup\/wp-json\/wp\/v2\/posts\/107768","targetHints":{"allow":["GET"]}}],"collection":[{"href":"https:\/\/www.cordobatimes.com\/showup\/wp-json\/wp\/v2\/posts"}],"about":[{"href":"https:\/\/www.cordobatimes.com\/showup\/wp-json\/wp\/v2\/types\/post"}],"author":[{"embeddable":true,"href":"https:\/\/www.cordobatimes.com\/showup\/wp-json\/wp\/v2\/users\/24"}],"replies":[{"embeddable":true,"href":"https:\/\/www.cordobatimes.com\/showup\/wp-json\/wp\/v2\/comments?post=107768"}],"version-history":[{"count":0,"href":"https:\/\/www.cordobatimes.com\/showup\/wp-json\/wp\/v2\/posts\/107768\/revisions"}],"wp:featuredmedia":[{"embeddable":true,"href":"https:\/\/www.cordobatimes.com\/showup\/wp-json\/wp\/v2\/media\/107771"}],"wp:attachment":[{"href":"https:\/\/www.cordobatimes.com\/showup\/wp-json\/wp\/v2\/media?parent=107768"}],"wp:term":[{"taxonomy":"category","embeddable":true,"href":"https:\/\/www.cordobatimes.com\/showup\/wp-json\/wp\/v2\/categories?post=107768"},{"taxonomy":"post_tag","embeddable":true,"href":"https:\/\/www.cordobatimes.com\/showup\/wp-json\/wp\/v2\/tags?post=107768"}],"curies":[{"name":"wp","href":"https:\/\/api.w.org\/{rel}","templated":true}]}}