{"id":107434,"date":"2026-01-28T11:15:30","date_gmt":"2026-01-28T14:15:30","guid":{"rendered":"https:\/\/www.cordobatimes.com\/showup\/?p=107434"},"modified":"2026-01-28T11:15:30","modified_gmt":"2026-01-28T14:15:30","slug":"paris-fashion-week-2026-las-tendencias-que-definen-la-nueva-moda","status":"publish","type":"post","link":"https:\/\/www.cordobatimes.com\/showup\/moda-y-estilos\/2026\/01\/28\/paris-fashion-week-2026-las-tendencias-que-definen-la-nueva-moda\/","title":{"rendered":"Paris fashion week 2026: las tendencias que definen la nueva moda"},"content":{"rendered":"<p data-start=\"71\" data-end=\"391\">La <strong data-start=\"74\" data-end=\"101\">Paris Fashion Week 2026<\/strong>, que transcurre esta semana en su edici\u00f3n de <strong data-start=\"147\" data-end=\"163\">alta costura<\/strong>, vuelve a posicionar a Par\u00eds como el epicentro absoluto de la creatividad y el lujo. M\u00e1s all\u00e1 de los nombres y los desfiles, las pasarelas dejan en claro <strong data-start=\"318\" data-end=\"390\">qu\u00e9 se va a usar y c\u00f3mo se va a sentir la moda en los pr\u00f3ximos meses<\/strong>.<\/p>\n<p data-start=\"393\" data-end=\"467\">Estas son <strong data-start=\"403\" data-end=\"427\">las tendencias clave<\/strong> que ya marcan el pulso de la temporada.<\/p>\n<h3 data-start=\"474\" data-end=\"522\"><strong>Vol\u00famenes suaves y siluetas en movimiento<\/strong><\/h3>\n<p data-start=\"523\" data-end=\"766\">Las estructuras r\u00edgidas pierden protagonismo frente a <strong data-start=\"577\" data-end=\"598\">vol\u00famenes fluidos<\/strong>, telas que acompa\u00f1an el cuerpo y prendas que se mueven con naturalidad. Vestidos amplios, faldas et\u00e9reas y capas livianas construyen una est\u00e9tica m\u00e1s libre y org\u00e1nica.<\/p>\n<p data-start=\"523\" data-end=\"766\"><img alt=\"\" loading=\"lazy\" decoding=\"async\" class=\"alignnone wp-image-107438 size-full\" src=\"http:\/\/www.cordobatimes.com\/showup\/wp-content\/uploads\/2026\/01\/descarga-4.jpg\" alt=\"\" width=\"736\" height=\"1308\" srcset=\"https:\/\/www.cordobatimes.com\/showup\/wp-content\/uploads\/2026\/01\/descarga-4.jpg 736w, https:\/\/www.cordobatimes.com\/showup\/wp-content\/uploads\/2026\/01\/descarga-4-236x420.jpg 236w, https:\/\/www.cordobatimes.com\/showup\/wp-content\/uploads\/2026\/01\/descarga-4-576x1024.jpg 576w, https:\/\/www.cordobatimes.com\/showup\/wp-content\/uploads\/2026\/01\/descarga-4-150x267.jpg 150w, https:\/\/www.cordobatimes.com\/showup\/wp-content\/uploads\/2026\/01\/descarga-4-300x533.jpg 300w, https:\/\/www.cordobatimes.com\/showup\/wp-content\/uploads\/2026\/01\/descarga-4-696x1237.jpg 696w\" sizes=\"auto, (max-width: 736px) 100vw, 736px\" \/><\/p>\n<h3 data-start=\"773\" data-end=\"819\"><strong>La camisa se convierte en pieza central<\/strong><\/h3>\n<p data-start=\"820\" data-end=\"1048\">La cl\u00e1sica <strong data-start=\"831\" data-end=\"851\">camisa abotonada<\/strong> deja de ser un b\u00e1sico y pasa a ocupar el centro del look. Aparece reinterpretada con telas nobles, cortes inesperados y detalles couture, demostrando que la simpleza tambi\u00e9n puede ser sofisticada.<\/p>\n<p data-start=\"820\" data-end=\"1048\"><img alt=\"\" loading=\"lazy\" decoding=\"async\" class=\"alignnone wp-image-107439 size-full\" src=\"http:\/\/www.cordobatimes.com\/showup\/wp-content\/uploads\/2026\/01\/Camisa-Com-Bolso-Street-PRETO-_-P.jpg\" alt=\"\" width=\"736\" height=\"1104\" srcset=\"https:\/\/www.cordobatimes.com\/showup\/wp-content\/uploads\/2026\/01\/Camisa-Com-Bolso-Street-PRETO-_-P.jpg 736w, https:\/\/www.cordobatimes.com\/showup\/wp-content\/uploads\/2026\/01\/Camisa-Com-Bolso-Street-PRETO-_-P-280x420.jpg 280w, https:\/\/www.cordobatimes.com\/showup\/wp-content\/uploads\/2026\/01\/Camisa-Com-Bolso-Street-PRETO-_-P-683x1024.jpg 683w, https:\/\/www.cordobatimes.com\/showup\/wp-content\/uploads\/2026\/01\/Camisa-Com-Bolso-Street-PRETO-_-P-150x225.jpg 150w, https:\/\/www.cordobatimes.com\/showup\/wp-content\/uploads\/2026\/01\/Camisa-Com-Bolso-Street-PRETO-_-P-300x450.jpg 300w, https:\/\/www.cordobatimes.com\/showup\/wp-content\/uploads\/2026\/01\/Camisa-Com-Bolso-Street-PRETO-_-P-696x1044.jpg 696w\" sizes=\"auto, (max-width: 736px) 100vw, 736px\" \/><\/p>\n<h3 data-start=\"1055\" data-end=\"1104\"><strong>Artesan\u00eda visible y texturas protagonistas<\/strong><\/h3>\n<p data-start=\"1105\" data-end=\"1333\">Bordados, aplicaciones tridimensionales y terminaciones hechas a mano dominan las colecciones. La moda vuelve a poner el foco en el <strong data-start=\"1237\" data-end=\"1258\">trabajo artesanal<\/strong>, reivindicando el valor del detalle y del tiempo invertido en cada prenda.<\/p>\n<p data-start=\"1105\" data-end=\"1333\"><img alt=\"\" loading=\"lazy\" decoding=\"async\" class=\"alignnone wp-image-107440 size-full\" src=\"http:\/\/www.cordobatimes.com\/showup\/wp-content\/uploads\/2026\/01\/Boho-Tribal-Embroidered-Dress.jpg\" alt=\"\" width=\"736\" height=\"1288\" srcset=\"https:\/\/www.cordobatimes.com\/showup\/wp-content\/uploads\/2026\/01\/Boho-Tribal-Embroidered-Dress.jpg 736w, https:\/\/www.cordobatimes.com\/showup\/wp-content\/uploads\/2026\/01\/Boho-Tribal-Embroidered-Dress-240x420.jpg 240w, https:\/\/www.cordobatimes.com\/showup\/wp-content\/uploads\/2026\/01\/Boho-Tribal-Embroidered-Dress-585x1024.jpg 585w, https:\/\/www.cordobatimes.com\/showup\/wp-content\/uploads\/2026\/01\/Boho-Tribal-Embroidered-Dress-150x263.jpg 150w, https:\/\/www.cordobatimes.com\/showup\/wp-content\/uploads\/2026\/01\/Boho-Tribal-Embroidered-Dress-300x525.jpg 300w, https:\/\/www.cordobatimes.com\/showup\/wp-content\/uploads\/2026\/01\/Boho-Tribal-Embroidered-Dress-696x1218.jpg 696w\" sizes=\"auto, (max-width: 736px) 100vw, 736px\" \/><\/p>\n<h4 data-start=\"1340\" data-end=\"1383\"><strong>Paleta de colores suaves y org\u00e1nicos<\/strong><\/h4>\n<p data-start=\"1384\" data-end=\"1591\">Los tonos pastel, los neutros c\u00e1lidos y las gamas inspiradas en la naturaleza se imponen como base de la temporada. Son colores que transmiten calma y elegancia, ideales para equilibrar siluetas m\u00e1s audaces.<\/p>\n<p data-start=\"1384\" data-end=\"1591\"><img alt=\"\" loading=\"lazy\" decoding=\"async\" class=\"alignnone wp-image-107441 size-full\" src=\"http:\/\/www.cordobatimes.com\/showup\/wp-content\/uploads\/2026\/01\/descarga-7.jpg\" alt=\"\" width=\"675\" height=\"1200\" srcset=\"https:\/\/www.cordobatimes.com\/showup\/wp-content\/uploads\/2026\/01\/descarga-7.jpg 675w, https:\/\/www.cordobatimes.com\/showup\/wp-content\/uploads\/2026\/01\/descarga-7-236x420.jpg 236w, https:\/\/www.cordobatimes.com\/showup\/wp-content\/uploads\/2026\/01\/descarga-7-576x1024.jpg 576w, https:\/\/www.cordobatimes.com\/showup\/wp-content\/uploads\/2026\/01\/descarga-7-150x267.jpg 150w, https:\/\/www.cordobatimes.com\/showup\/wp-content\/uploads\/2026\/01\/descarga-7-300x533.jpg 300w\" sizes=\"auto, (max-width: 675px) 100vw, 675px\" \/> <img alt=\"\" loading=\"lazy\" decoding=\"async\" class=\"alignnone wp-image-107442 size-full\" src=\"http:\/\/www.cordobatimes.com\/showup\/wp-content\/uploads\/2026\/01\/descarga-6-1.jpg\" alt=\"\" width=\"736\" height=\"1308\" srcset=\"https:\/\/www.cordobatimes.com\/showup\/wp-content\/uploads\/2026\/01\/descarga-6-1.jpg 736w, https:\/\/www.cordobatimes.com\/showup\/wp-content\/uploads\/2026\/01\/descarga-6-1-236x420.jpg 236w, https:\/\/www.cordobatimes.com\/showup\/wp-content\/uploads\/2026\/01\/descarga-6-1-576x1024.jpg 576w, https:\/\/www.cordobatimes.com\/showup\/wp-content\/uploads\/2026\/01\/descarga-6-1-150x267.jpg 150w, https:\/\/www.cordobatimes.com\/showup\/wp-content\/uploads\/2026\/01\/descarga-6-1-300x533.jpg 300w, https:\/\/www.cordobatimes.com\/showup\/wp-content\/uploads\/2026\/01\/descarga-6-1-696x1237.jpg 696w\" sizes=\"auto, (max-width: 736px) 100vw, 736px\" \/> <img alt=\"\" loading=\"lazy\" decoding=\"async\" class=\"alignnone wp-image-107443 size-full\" src=\"http:\/\/www.cordobatimes.com\/showup\/wp-content\/uploads\/2026\/01\/descarga-5.jpg\" alt=\"\" width=\"675\" height=\"1200\" srcset=\"https:\/\/www.cordobatimes.com\/showup\/wp-content\/uploads\/2026\/01\/descarga-5.jpg 675w, https:\/\/www.cordobatimes.com\/showup\/wp-content\/uploads\/2026\/01\/descarga-5-236x420.jpg 236w, https:\/\/www.cordobatimes.com\/showup\/wp-content\/uploads\/2026\/01\/descarga-5-576x1024.jpg 576w, https:\/\/www.cordobatimes.com\/showup\/wp-content\/uploads\/2026\/01\/descarga-5-150x267.jpg 150w, https:\/\/www.cordobatimes.com\/showup\/wp-content\/uploads\/2026\/01\/descarga-5-300x533.jpg 300w\" sizes=\"auto, (max-width: 675px) 100vw, 675px\" \/><\/p>\n<h4 data-start=\"1598\" data-end=\"1642\"><strong>Mezcla libre de estampas y materiales<\/strong><\/h4>\n<p data-start=\"1643\" data-end=\"1843\">Las reglas se rompen: flores, geometr\u00edas y texturas contrastantes conviven en un mismo look. Esta tendencia apuesta a la <strong data-start=\"1764\" data-end=\"1795\">experimentaci\u00f3n sin l\u00edmites<\/strong>, una de las marcas m\u00e1s fuertes de esta edici\u00f3n.<\/p>\n<p data-start=\"1643\" data-end=\"1843\"><img alt=\"\" loading=\"lazy\" decoding=\"async\" class=\"alignnone size-full wp-image-107444\" src=\"http:\/\/www.cordobatimes.com\/showup\/wp-content\/uploads\/2026\/01\/descarga-8.jpg\" alt=\"\" width=\"676\" height=\"376\" srcset=\"https:\/\/www.cordobatimes.com\/showup\/wp-content\/uploads\/2026\/01\/descarga-8.jpg 676w, https:\/\/www.cordobatimes.com\/showup\/wp-content\/uploads\/2026\/01\/descarga-8-150x83.jpg 150w, https:\/\/www.cordobatimes.com\/showup\/wp-content\/uploads\/2026\/01\/descarga-8-300x167.jpg 300w\" sizes=\"auto, (max-width: 676px) 100vw, 676px\" \/><\/p>\n<h4><strong>La alta costura como laboratorio creativo<\/strong><\/h4>\n<p data-start=\"1899\" data-end=\"2135\">Aunque exclusiva, la alta costura funciona como un adelanto de lo que luego llegar\u00e1 al pr\u00eat-\u00e0-porter. Siluetas, colores y conceptos vistos en Par\u00eds comienzan a filtrarse hacia la moda urbana y comercial, anticipando el esp\u00edritu de 2026.<\/p>\n<p data-start=\"1899\" data-end=\"2135\"><img alt=\"\" loading=\"lazy\" decoding=\"async\" class=\"alignnone wp-image-107445 size-full\" src=\"http:\/\/www.cordobatimes.com\/showup\/wp-content\/uploads\/2026\/01\/outfit-\ud83e\udd0d\ud83d\udc99.jpg\" alt=\"\" width=\"736\" height=\"1306\" srcset=\"https:\/\/www.cordobatimes.com\/showup\/wp-content\/uploads\/2026\/01\/outfit-\ud83e\udd0d\ud83d\udc99.jpg 736w, https:\/\/www.cordobatimes.com\/showup\/wp-content\/uploads\/2026\/01\/outfit-\ud83e\udd0d\ud83d\udc99-237x420.jpg 237w, https:\/\/www.cordobatimes.com\/showup\/wp-content\/uploads\/2026\/01\/outfit-\ud83e\udd0d\ud83d\udc99-577x1024.jpg 577w, https:\/\/www.cordobatimes.com\/showup\/wp-content\/uploads\/2026\/01\/outfit-\ud83e\udd0d\ud83d\udc99-150x266.jpg 150w, https:\/\/www.cordobatimes.com\/showup\/wp-content\/uploads\/2026\/01\/outfit-\ud83e\udd0d\ud83d\udc99-300x532.jpg 300w, https:\/\/www.cordobatimes.com\/showup\/wp-content\/uploads\/2026\/01\/outfit-\ud83e\udd0d\ud83d\udc99-696x1235.jpg 696w\" sizes=\"auto, (max-width: 736px) 100vw, 736px\" \/><\/p>\n","protected":false},"excerpt":{"rendered":"<p>La Paris Fashion Week 2026, que transcurre esta semana en su edici\u00f3n de alta costura, vuelve a posicionar a Par\u00eds como el epicentro absoluto de la creatividad y el lujo. M\u00e1s all\u00e1 de los nombres y los desfiles, las pasarelas dejan en claro qu\u00e9 se va a usar y c\u00f3mo se va a sentir la [&hellip;]<\/p>\n","protected":false},"author":24,"featured_media":107437,"comment_status":"closed","ping_status":"closed","sticky":false,"template":"","format":"standard","meta":{"_seopress_robots_primary_cat":"none","_seopress_titles_title":"","_seopress_titles_desc":"","_seopress_robots_index":"","footnotes":""},"categories":[228],"tags":[40300,41439],"class_list":{"0":"post-107434","1":"post","2":"type-post","3":"status-publish","4":"format-standard","5":"has-post-thumbnail","7":"category-moda-y-estilos","8":"tag-paris-fashion-week-2026","9":"tag-tendencias-del-paris-fashion-week-2026"},"_links":{"self":[{"href":"https:\/\/www.cordobatimes.com\/showup\/wp-json\/wp\/v2\/posts\/107434","targetHints":{"allow":["GET"]}}],"collection":[{"href":"https:\/\/www.cordobatimes.com\/showup\/wp-json\/wp\/v2\/posts"}],"about":[{"href":"https:\/\/www.cordobatimes.com\/showup\/wp-json\/wp\/v2\/types\/post"}],"author":[{"embeddable":true,"href":"https:\/\/www.cordobatimes.com\/showup\/wp-json\/wp\/v2\/users\/24"}],"replies":[{"embeddable":true,"href":"https:\/\/www.cordobatimes.com\/showup\/wp-json\/wp\/v2\/comments?post=107434"}],"version-history":[{"count":0,"href":"https:\/\/www.cordobatimes.com\/showup\/wp-json\/wp\/v2\/posts\/107434\/revisions"}],"wp:featuredmedia":[{"embeddable":true,"href":"https:\/\/www.cordobatimes.com\/showup\/wp-json\/wp\/v2\/media\/107437"}],"wp:attachment":[{"href":"https:\/\/www.cordobatimes.com\/showup\/wp-json\/wp\/v2\/media?parent=107434"}],"wp:term":[{"taxonomy":"category","embeddable":true,"href":"https:\/\/www.cordobatimes.com\/showup\/wp-json\/wp\/v2\/categories?post=107434"},{"taxonomy":"post_tag","embeddable":true,"href":"https:\/\/www.cordobatimes.com\/showup\/wp-json\/wp\/v2\/tags?post=107434"}],"curies":[{"name":"wp","href":"https:\/\/api.w.org\/{rel}","templated":true}]}}