{"id":107410,"date":"2026-01-27T10:34:03","date_gmt":"2026-01-27T13:34:03","guid":{"rendered":"https:\/\/www.cordobatimes.com\/showup\/?p=107410"},"modified":"2026-01-27T10:34:03","modified_gmt":"2026-01-27T13:34:03","slug":"esther-goris-fue-eliminada-de-masterchef-celebrity","status":"publish","type":"post","link":"https:\/\/www.cordobatimes.com\/showup\/tv\/2026\/01\/27\/esther-goris-fue-eliminada-de-masterchef-celebrity\/","title":{"rendered":"Esther Goris fue eliminada de MasterChef Celebrity"},"content":{"rendered":"<h3 data-start=\"214\" data-end=\"464\"><strong>Esther Goris qued\u00f3 eliminada de <em data-start=\"246\" data-end=\"268\">MasterChef Celebrity<\/em> en la gala emitida este lunes por Telefe. La actriz, que hab\u00eda regresado a la competencia tras el repechaje, no logr\u00f3 superar la consigna de la noche y debi\u00f3 abandonar definitivamente el reality.<\/strong><\/h3>\n<p data-start=\"466\" data-end=\"697\">El desaf\u00edo consisti\u00f3 en la elaboraci\u00f3n de un plato de pastas, una prueba que result\u00f3 determinante. Tras la degustaci\u00f3n, el jurado evalu\u00f3 t\u00e9cnica, sabor y presentaci\u00f3n, y decidi\u00f3 que el plato de Goris era el m\u00e1s d\u00e9bil de la jornada.<\/p>\n<p data-start=\"699\" data-end=\"939\">De esta manera, Esther se convirti\u00f3 en la nueva eliminada del certamen conducido por Wanda Nara. En su despedida, agradeci\u00f3 la experiencia, el acompa\u00f1amiento de sus compa\u00f1eros y el aprendizaje vivido dentro de la cocina m\u00e1s famosa del pa\u00eds.<\/p>\n<div style=\"width: 640px;\" class=\"wp-video\"><video class=\"wp-video-shortcode\" id=\"video-107410-1\" width=\"640\" height=\"360\" preload=\"metadata\" controls=\"controls\"><source type=\"video\/mp4\" src=\"http:\/\/www.cordobatimes.com\/showup\/wp-content\/uploads\/2026\/01\/ssstwitter.com_1769519402479.mp4?_=1\" \/><a href=\"http:\/\/www.cordobatimes.com\/showup\/wp-content\/uploads\/2026\/01\/ssstwitter.com_1769519402479.mp4\">http:\/\/www.cordobatimes.com\/showup\/wp-content\/uploads\/2026\/01\/ssstwitter.com_1769519402479.mp4<\/a><\/video><\/div>\n","protected":false},"excerpt":{"rendered":"<p>Esther Goris qued\u00f3 eliminada de MasterChef Celebrity en la gala emitida este lunes por Telefe. La actriz, que hab\u00eda regresado a la competencia tras el repechaje, no logr\u00f3 superar la consigna de la noche y debi\u00f3 abandonar definitivamente el reality. El desaf\u00edo consisti\u00f3 en la elaboraci\u00f3n de un plato de pastas, una prueba que result\u00f3 [&hellip;]<\/p>\n","protected":false},"author":24,"featured_media":107413,"comment_status":"closed","ping_status":"closed","sticky":false,"template":"","format":"standard","meta":{"_seopress_robots_primary_cat":"none","_seopress_titles_title":"","_seopress_titles_desc":"","_seopress_robots_index":"","footnotes":""},"categories":[2],"tags":[41430,41431,40692],"class_list":{"0":"post-107410","1":"post","2":"type-post","3":"status-publish","4":"format-standard","5":"has-post-thumbnail","7":"category-tv","8":"tag-esther-goris","9":"tag-esther-goris-masterchef-celebrity","10":"tag-masterchef-celebrity"},"_links":{"self":[{"href":"https:\/\/www.cordobatimes.com\/showup\/wp-json\/wp\/v2\/posts\/107410","targetHints":{"allow":["GET"]}}],"collection":[{"href":"https:\/\/www.cordobatimes.com\/showup\/wp-json\/wp\/v2\/posts"}],"about":[{"href":"https:\/\/www.cordobatimes.com\/showup\/wp-json\/wp\/v2\/types\/post"}],"author":[{"embeddable":true,"href":"https:\/\/www.cordobatimes.com\/showup\/wp-json\/wp\/v2\/users\/24"}],"replies":[{"embeddable":true,"href":"https:\/\/www.cordobatimes.com\/showup\/wp-json\/wp\/v2\/comments?post=107410"}],"version-history":[{"count":0,"href":"https:\/\/www.cordobatimes.com\/showup\/wp-json\/wp\/v2\/posts\/107410\/revisions"}],"wp:featuredmedia":[{"embeddable":true,"href":"https:\/\/www.cordobatimes.com\/showup\/wp-json\/wp\/v2\/media\/107413"}],"wp:attachment":[{"href":"https:\/\/www.cordobatimes.com\/showup\/wp-json\/wp\/v2\/media?parent=107410"}],"wp:term":[{"taxonomy":"category","embeddable":true,"href":"https:\/\/www.cordobatimes.com\/showup\/wp-json\/wp\/v2\/categories?post=107410"},{"taxonomy":"post_tag","embeddable":true,"href":"https:\/\/www.cordobatimes.com\/showup\/wp-json\/wp\/v2\/tags?post=107410"}],"curies":[{"name":"wp","href":"https:\/\/api.w.org\/{rel}","templated":true}]}}