{"id":107333,"date":"2026-01-23T17:02:22","date_gmt":"2026-01-23T20:02:22","guid":{"rendered":"https:\/\/www.cordobatimes.com\/showup\/?p=107333"},"modified":"2026-01-23T17:02:22","modified_gmt":"2026-01-23T20:02:22","slug":"lali-participo-en-una-jornada-de-fundacion-si-y-hablo-de-su-crianza","status":"publish","type":"post","link":"https:\/\/www.cordobatimes.com\/showup\/famosos\/2026\/01\/23\/lali-participo-en-una-jornada-de-fundacion-si-y-hablo-de-su-crianza\/","title":{"rendered":"Lali particip\u00f3 en una jornada de Fundaci\u00f3n S\u00ed y habl\u00f3 de su crianza"},"content":{"rendered":"<p data-start=\"73\" data-end=\"306\">La cantante <strong data-start=\"85\" data-end=\"102\">Lali Esp\u00f3sito<\/strong> dio una charla a estudiantes en un encuentro organizado por <strong data-start=\"163\" data-end=\"179\">Fundaci\u00f3n S\u00ed<\/strong>, donde comparti\u00f3 experiencias personales y reflexion\u00f3 sobre su forma de ver la sociedad.<\/p>\n<p data-start=\"308\" data-end=\"724\">En el marco de la jornada, Lali fue consultada sobre su responsabilidad social y sus convicciones. All\u00ed admiti\u00f3 que \u201csiempre, por mi crianza, por mi casa, siempre tuve algunas ideas que las ten\u00eda m\u00e1s claras\u201d y a\u00f1adi\u00f3 que proviene de \u201c<strong data-start=\"542\" data-end=\"576\">una crianza m\u00e1s bien peronista<\/strong>\u201d, un rasgo que, seg\u00fan dijo, influy\u00f3 en c\u00f3mo entiende temas como la solidaridad y el compromiso con los dem\u00e1s.<\/p>\n<p data-start=\"726\" data-end=\"1045\">Adem\u00e1s, durante el encuentro la artista destac\u00f3 la importancia de la resiliencia: se\u00f1al\u00f3 que no solo se trata de perseguir un sue\u00f1o, sino tambi\u00e9n de <strong data-start=\"875\" data-end=\"920\">defenderlo con fuerza ante los obst\u00e1culos<\/strong> y remarc\u00f3 que este es un momento en el que \u201chay que estar m\u00e1s aguerrido que en otros\u201d.<\/p>\n<div style=\"width: 480px;\" class=\"wp-video\"><video class=\"wp-video-shortcode\" id=\"video-107333-1\" width=\"480\" height=\"852\" preload=\"metadata\" controls=\"controls\"><source type=\"video\/mp4\" src=\"http:\/\/www.cordobatimes.com\/showup\/wp-content\/uploads\/2026\/01\/ssstwitter.com_1769198431669.mp4?_=1\" \/><a href=\"http:\/\/www.cordobatimes.com\/showup\/wp-content\/uploads\/2026\/01\/ssstwitter.com_1769198431669.mp4\">http:\/\/www.cordobatimes.com\/showup\/wp-content\/uploads\/2026\/01\/ssstwitter.com_1769198431669.mp4<\/a><\/video><\/div>\n","protected":false},"excerpt":{"rendered":"<p>La cantante Lali Esp\u00f3sito dio una charla a estudiantes en un encuentro organizado por Fundaci\u00f3n S\u00ed, donde comparti\u00f3 experiencias personales y reflexion\u00f3 sobre su forma de ver la sociedad. En el marco de la jornada, Lali fue consultada sobre su responsabilidad social y sus convicciones. All\u00ed admiti\u00f3 que \u201csiempre, por mi crianza, por mi casa, [&hellip;]<\/p>\n","protected":false},"author":24,"featured_media":107336,"comment_status":"closed","ping_status":"closed","sticky":false,"template":"","format":"standard","meta":{"_seopress_robots_primary_cat":"none","_seopress_titles_title":"","_seopress_titles_desc":"","_seopress_robots_index":"","footnotes":""},"categories":[4],"tags":[1377,41395,41396],"class_list":{"0":"post-107333","1":"post","2":"type-post","3":"status-publish","4":"format-standard","5":"has-post-thumbnail","7":"category-famosos","8":"tag-lali","9":"tag-lali-fundacion-si","10":"tag-lali-habla-de-su-crianza"},"_links":{"self":[{"href":"https:\/\/www.cordobatimes.com\/showup\/wp-json\/wp\/v2\/posts\/107333","targetHints":{"allow":["GET"]}}],"collection":[{"href":"https:\/\/www.cordobatimes.com\/showup\/wp-json\/wp\/v2\/posts"}],"about":[{"href":"https:\/\/www.cordobatimes.com\/showup\/wp-json\/wp\/v2\/types\/post"}],"author":[{"embeddable":true,"href":"https:\/\/www.cordobatimes.com\/showup\/wp-json\/wp\/v2\/users\/24"}],"replies":[{"embeddable":true,"href":"https:\/\/www.cordobatimes.com\/showup\/wp-json\/wp\/v2\/comments?post=107333"}],"version-history":[{"count":0,"href":"https:\/\/www.cordobatimes.com\/showup\/wp-json\/wp\/v2\/posts\/107333\/revisions"}],"wp:featuredmedia":[{"embeddable":true,"href":"https:\/\/www.cordobatimes.com\/showup\/wp-json\/wp\/v2\/media\/107336"}],"wp:attachment":[{"href":"https:\/\/www.cordobatimes.com\/showup\/wp-json\/wp\/v2\/media?parent=107333"}],"wp:term":[{"taxonomy":"category","embeddable":true,"href":"https:\/\/www.cordobatimes.com\/showup\/wp-json\/wp\/v2\/categories?post=107333"},{"taxonomy":"post_tag","embeddable":true,"href":"https:\/\/www.cordobatimes.com\/showup\/wp-json\/wp\/v2\/tags?post=107333"}],"curies":[{"name":"wp","href":"https:\/\/api.w.org\/{rel}","templated":true}]}}