{"id":107327,"date":"2026-01-23T09:12:26","date_gmt":"2026-01-23T12:12:26","guid":{"rendered":"https:\/\/www.cordobatimes.com\/showup\/?p=107327"},"modified":"2026-01-23T09:12:26","modified_gmt":"2026-01-23T12:12:26","slug":"facundo-arana-y-maria-susini-se-separaron-tras-casi-20-anos-de-relacion","status":"publish","type":"post","link":"https:\/\/www.cordobatimes.com\/showup\/famosos\/2026\/01\/23\/facundo-arana-y-maria-susini-se-separaron-tras-casi-20-anos-de-relacion\/","title":{"rendered":"Facundo Arana y Mar\u00eda Susini se separaron tras casi 20 a\u00f1os de relaci\u00f3n"},"content":{"rendered":"<h3 data-start=\"283\" data-end=\"607\"><strong>Facundo Arana y Mar\u00eda Susini, una de las parejas m\u00e1s queridas y estables del espect\u00e1culo argentino, se separaron tras casi dos d\u00e9cadas juntos. La informaci\u00f3n se conoci\u00f3 el 22 de enero en el programa <em data-start=\"490\" data-end=\"495\">LAM<\/em> (Am\u00e9rica TV), donde se asegur\u00f3 que el amor de pareja se termin\u00f3, aunque ambos mantienen un v\u00ednculo cordial.<\/strong><\/h3>\n<p data-start=\"609\" data-end=\"877\">La pareja comparti\u00f3 <strong data-start=\"629\" data-end=\"657\">casi 20 a\u00f1os de relaci\u00f3n<\/strong> y tiene <strong data-start=\"666\" data-end=\"709\">tres hijos en com\u00fan: India, Yaco y Moro<\/strong>. Seg\u00fan se inform\u00f3 en el ciclo conducido por \u00c1ngel de Brito, <strong data-start=\"770\" data-end=\"804\">no hubo terceros ni esc\u00e1ndalos<\/strong>, sino un desgaste natural del v\u00ednculo que los llev\u00f3 a tomar la decisi\u00f3n.<\/p>\n<p data-start=\"879\" data-end=\"1092\">Desde <em data-start=\"885\" data-end=\"890\">LAM<\/em> se\u00f1alaron que <strong data-start=\"905\" data-end=\"975\">Mar\u00eda Susini comenz\u00f3 a comentar la situaci\u00f3n en su entorno cercano<\/strong>, lo que termin\u00f3 haciendo p\u00fablica la separaci\u00f3n. Facundo Arana, fiel a su perfil reservado, no realiz\u00f3 declaraciones.<\/p>\n<p data-start=\"1094\" data-end=\"1314\">A pesar de la ruptura, <strong data-start=\"1117\" data-end=\"1160\">siguen compartiendo momentos familiares<\/strong> y fueron vistos juntos recientemente en Mar del Plata, lo que refuerza la versi\u00f3n de que la separaci\u00f3n se dio <strong data-start=\"1271\" data-end=\"1313\">en buenos t\u00e9rminos y con respeto mutuo<\/strong>.<\/p>\n<p data-start=\"1316\" data-end=\"1527\">Facundo Arana y Mar\u00eda Susini se conocieron en 2007, se casaron en 2012 y siempre mantuvieron un perfil bajo, alejados de los esc\u00e1ndalos medi\u00e1ticos, por lo que la noticia gener\u00f3 sorpresa en el ambiente art\u00edstico.<\/p>\n<p data-start=\"1529\" data-end=\"1690\">Por el momento, ninguno de los dos confirm\u00f3 p\u00fablicamente la separaci\u00f3n, pero todo indica que <strong data-start=\"1622\" data-end=\"1651\">la decisi\u00f3n es definitiva<\/strong> y priorizan el bienestar de sus hijos.<\/p>\n<div style=\"width: 640px;\" class=\"wp-video\"><video class=\"wp-video-shortcode\" id=\"video-107327-1\" width=\"640\" height=\"360\" preload=\"metadata\" controls=\"controls\"><source type=\"video\/mp4\" src=\"http:\/\/www.cordobatimes.com\/showup\/wp-content\/uploads\/2026\/01\/ssstwitter.com_1769169622328.mp4?_=1\" \/><a href=\"http:\/\/www.cordobatimes.com\/showup\/wp-content\/uploads\/2026\/01\/ssstwitter.com_1769169622328.mp4\">http:\/\/www.cordobatimes.com\/showup\/wp-content\/uploads\/2026\/01\/ssstwitter.com_1769169622328.mp4<\/a><\/video><\/div>\n","protected":false},"excerpt":{"rendered":"<p>Facundo Arana y Mar\u00eda Susini, una de las parejas m\u00e1s queridas y estables del espect\u00e1culo argentino, se separaron tras casi dos d\u00e9cadas juntos. La informaci\u00f3n se conoci\u00f3 el 22 de enero en el programa LAM (Am\u00e9rica TV), donde se asegur\u00f3 que el amor de pareja se termin\u00f3, aunque ambos mantienen un v\u00ednculo cordial. La pareja [&hellip;]<\/p>\n","protected":false},"author":24,"featured_media":107330,"comment_status":"closed","ping_status":"closed","sticky":false,"template":"","format":"standard","meta":{"_seopress_robots_primary_cat":"none","_seopress_titles_title":"","_seopress_titles_desc":"","_seopress_robots_index":"","footnotes":""},"categories":[4],"tags":[41392,41393,41394],"class_list":{"0":"post-107327","1":"post","2":"type-post","3":"status-publish","4":"format-standard","5":"has-post-thumbnail","7":"category-famosos","8":"tag-facundo-arana-y-maria-susini","9":"tag-facundo-arana-y-maria-susini-separados","10":"tag-separacion-de-facundo-arana-y-maria-susini"},"_links":{"self":[{"href":"https:\/\/www.cordobatimes.com\/showup\/wp-json\/wp\/v2\/posts\/107327","targetHints":{"allow":["GET"]}}],"collection":[{"href":"https:\/\/www.cordobatimes.com\/showup\/wp-json\/wp\/v2\/posts"}],"about":[{"href":"https:\/\/www.cordobatimes.com\/showup\/wp-json\/wp\/v2\/types\/post"}],"author":[{"embeddable":true,"href":"https:\/\/www.cordobatimes.com\/showup\/wp-json\/wp\/v2\/users\/24"}],"replies":[{"embeddable":true,"href":"https:\/\/www.cordobatimes.com\/showup\/wp-json\/wp\/v2\/comments?post=107327"}],"version-history":[{"count":0,"href":"https:\/\/www.cordobatimes.com\/showup\/wp-json\/wp\/v2\/posts\/107327\/revisions"}],"wp:featuredmedia":[{"embeddable":true,"href":"https:\/\/www.cordobatimes.com\/showup\/wp-json\/wp\/v2\/media\/107330"}],"wp:attachment":[{"href":"https:\/\/www.cordobatimes.com\/showup\/wp-json\/wp\/v2\/media?parent=107327"}],"wp:term":[{"taxonomy":"category","embeddable":true,"href":"https:\/\/www.cordobatimes.com\/showup\/wp-json\/wp\/v2\/categories?post=107327"},{"taxonomy":"post_tag","embeddable":true,"href":"https:\/\/www.cordobatimes.com\/showup\/wp-json\/wp\/v2\/tags?post=107327"}],"curies":[{"name":"wp","href":"https:\/\/api.w.org\/{rel}","templated":true}]}}