{"id":107321,"date":"2026-01-22T20:41:14","date_gmt":"2026-01-22T23:41:14","guid":{"rendered":"https:\/\/www.cordobatimes.com\/showup\/?p=107321"},"modified":"2026-01-22T20:41:14","modified_gmt":"2026-01-22T23:41:14","slug":"wanda-nara-respondio-en-sqp-por-las-menciones-a-la-china-suarez-en-masterchef-celebrity","status":"publish","type":"post","link":"https:\/\/www.cordobatimes.com\/showup\/famosos\/2026\/01\/22\/wanda-nara-respondio-en-sqp-por-las-menciones-a-la-china-suarez-en-masterchef-celebrity\/","title":{"rendered":"Wanda Nara respondi\u00f3 en SQP por las menciones a la China Su\u00e1rez en MasterChef Celebrity"},"content":{"rendered":"<p data-start=\"193\" data-end=\"424\">Wanda Nara habl\u00f3 en <em data-start=\"213\" data-end=\"218\">SQP<\/em> luego de que se la cuestionara por las reiteradas menciones a la China Su\u00e1rez durante <em data-start=\"305\" data-end=\"327\">MasterChef Celebrity<\/em>. La conductora fue clara al explicar su rol dentro del programa y defendi\u00f3 su forma de conducir.<\/p>\n<p data-start=\"426\" data-end=\"603\">\u201cYo soy funcional al programa. Si hay participantes que tuvieron relaci\u00f3n, pregunto\u201d, sostuvo. Y agreg\u00f3 una frase que no pas\u00f3 desapercibida: \u201cElla tuvo relaci\u00f3n con casi todos\u201d.<\/p>\n<div style=\"width: 642px;\" class=\"wp-video\"><video class=\"wp-video-shortcode\" id=\"video-107321-1\" width=\"642\" height=\"360\" preload=\"metadata\" controls=\"controls\"><source type=\"video\/mp4\" src=\"http:\/\/www.cordobatimes.com\/showup\/wp-content\/uploads\/2026\/01\/ssstwitter.com_1769124417771.mp4?_=1\" \/><a href=\"http:\/\/www.cordobatimes.com\/showup\/wp-content\/uploads\/2026\/01\/ssstwitter.com_1769124417771.mp4\">http:\/\/www.cordobatimes.com\/showup\/wp-content\/uploads\/2026\/01\/ssstwitter.com_1769124417771.mp4<\/a><\/video><\/div>\n","protected":false},"excerpt":{"rendered":"<p>Wanda Nara habl\u00f3 en SQP luego de que se la cuestionara por las reiteradas menciones a la China Su\u00e1rez durante MasterChef Celebrity. La conductora fue clara al explicar su rol dentro del programa y defendi\u00f3 su forma de conducir. \u201cYo soy funcional al programa. Si hay participantes que tuvieron relaci\u00f3n, pregunto\u201d, sostuvo. Y agreg\u00f3 una [&hellip;]<\/p>\n","protected":false},"author":24,"featured_media":107324,"comment_status":"closed","ping_status":"closed","sticky":false,"template":"","format":"standard","meta":{"_seopress_robots_primary_cat":"none","_seopress_titles_title":"","_seopress_titles_desc":"","_seopress_robots_index":"","footnotes":""},"categories":[4],"tags":[262,41390,40692,41391],"class_list":{"0":"post-107321","1":"post","2":"type-post","3":"status-publish","4":"format-standard","5":"has-post-thumbnail","7":"category-famosos","8":"tag-china-suarez","9":"tag-china-suarez-en-masterchef-celebrity","10":"tag-masterchef-celebrity","11":"tag-wanda-nara-masterchef"},"_links":{"self":[{"href":"https:\/\/www.cordobatimes.com\/showup\/wp-json\/wp\/v2\/posts\/107321","targetHints":{"allow":["GET"]}}],"collection":[{"href":"https:\/\/www.cordobatimes.com\/showup\/wp-json\/wp\/v2\/posts"}],"about":[{"href":"https:\/\/www.cordobatimes.com\/showup\/wp-json\/wp\/v2\/types\/post"}],"author":[{"embeddable":true,"href":"https:\/\/www.cordobatimes.com\/showup\/wp-json\/wp\/v2\/users\/24"}],"replies":[{"embeddable":true,"href":"https:\/\/www.cordobatimes.com\/showup\/wp-json\/wp\/v2\/comments?post=107321"}],"version-history":[{"count":0,"href":"https:\/\/www.cordobatimes.com\/showup\/wp-json\/wp\/v2\/posts\/107321\/revisions"}],"wp:featuredmedia":[{"embeddable":true,"href":"https:\/\/www.cordobatimes.com\/showup\/wp-json\/wp\/v2\/media\/107324"}],"wp:attachment":[{"href":"https:\/\/www.cordobatimes.com\/showup\/wp-json\/wp\/v2\/media?parent=107321"}],"wp:term":[{"taxonomy":"category","embeddable":true,"href":"https:\/\/www.cordobatimes.com\/showup\/wp-json\/wp\/v2\/categories?post=107321"},{"taxonomy":"post_tag","embeddable":true,"href":"https:\/\/www.cordobatimes.com\/showup\/wp-json\/wp\/v2\/tags?post=107321"}],"curies":[{"name":"wp","href":"https:\/\/api.w.org\/{rel}","templated":true}]}}