{"id":107277,"date":"2026-01-22T11:10:00","date_gmt":"2026-01-22T14:10:00","guid":{"rendered":"https:\/\/www.cordobatimes.com\/showup\/?p=107277"},"modified":"2026-01-22T11:10:00","modified_gmt":"2026-01-22T14:10:00","slug":"nuevo-y-durisimo-descargo-de-mauro-icardi-tras-la-filtracion-de-chats","status":"publish","type":"post","link":"https:\/\/www.cordobatimes.com\/showup\/famosos\/2026\/01\/22\/nuevo-y-durisimo-descargo-de-mauro-icardi-tras-la-filtracion-de-chats\/","title":{"rendered":"Nuevo y dur\u00edsimo descargo de Mauro Icardi tras la filtraci\u00f3n de chats"},"content":{"rendered":"<h3 data-start=\"224\" data-end=\"586\"><strong>Mauro Icardi realiz\u00f3 un extenso y contundente descargo luego de la filtraci\u00f3n de supuestos chats privados que lo involucran en medio de su conflicto judicial con Wanda Nara. A trav\u00e9s de un comunicado p\u00fablico, el futbolista neg\u00f3 la veracidad de los mensajes difundidos, anunci\u00f3 acciones legales y volvi\u00f3 a defender con firmeza a su actual pareja, la China Su\u00e1rez.<\/strong><\/h3>\n<p data-start=\"588\" data-end=\"934\">En el inicio de su mensaje, Icardi defini\u00f3 a Wanda Nara como una mujer \u201cmit\u00f3mana\u201d y \u201ccompletamente obsesionada\u201d con \u00e9l, su pareja y su familia, y sostuvo que su exposici\u00f3n medi\u00e1tica responde a la necesidad de seguir hablando de ellos. En ese contexto, asegur\u00f3 que los chats que circularon est\u00e1n \u201crecortados, borroneados y sin datos verificables\u201d.<\/p>\n<p data-start=\"936\" data-end=\"1341\">Sobre una supuesta llamada reciente fechada el 19 de noviembre de 2025, explic\u00f3 que se trat\u00f3 de un error t\u00e9cnico ocurrido mientras revisaba mensajes del a\u00f1o 2021, que formaban parte de las pruebas preparadas para el proceso de divorcio previsto para marzo de 2026. Seg\u00fan indic\u00f3, desde enero de 2025 no mantiene ning\u00fan tipo de contacto con su exmujer y remarc\u00f3 que sus abogadas cuentan con pruebas de ello.<\/p>\n<p data-start=\"1343\" data-end=\"1709\">Icardi tambi\u00e9n aclar\u00f3 que uno de los mensajes difundidos corresponde a un descargo privado y confidencial sobre el comportamiento de Wanda como madre respecto a sus hijas, motivo por el cual \u2014seg\u00fan explic\u00f3\u2014 no fue mostrado de manera completa. En esa l\u00ednea, anunci\u00f3 que denunciar\u00e1 ante el Ministerio P\u00fablico y la Justicia argentina el uso ilegal de mensajes privados.<\/p>\n<p data-start=\"1711\" data-end=\"2067\">En la segunda parte del comunicado, el futbolista volvi\u00f3 a referirse a su relaci\u00f3n con la China Su\u00e1rez y asegur\u00f3 que ella tiene acceso a sus contrase\u00f1as, no por imposici\u00f3n, sino por una relaci\u00f3n basada en la confianza, el respeto y la transparencia desde hace m\u00e1s de un a\u00f1o. Adem\u00e1s, sostuvo que su pareja est\u00e1 al tanto de todo lo que ocurre en su tel\u00e9fono.<\/p>\n<p data-start=\"2069\" data-end=\"2544\">El delantero fue a\u00fan m\u00e1s duro al afirmar que tambi\u00e9n denunciar\u00e1 por difamaci\u00f3n y calumnias las versiones que, seg\u00fan \u00e9l, Wanda difundi\u00f3 sobre la China Su\u00e1rez en temas sensibles como el consumo de drogas y la salud mental. Icardi neg\u00f3 categ\u00f3ricamente esas acusaciones y remarc\u00f3 que su pareja no consume drogas ni est\u00e1 bajo tratamiento psiqui\u00e1trico, aclarando que haber atravesado momentos personales dif\u00edciles en el pasado no constituye una debilidad, sino un acto de dignidad.<\/p>\n<p data-start=\"2546\" data-end=\"2794\">Por \u00faltimo, volvi\u00f3 a apuntar contra \u201cpseudo-periodistas\u201d e \u201cinformadores\u201d a quienes acus\u00f3 de inventar crisis inexistentes y asegur\u00f3 que, cuando una persona pierde credibilidad, recurre a maniobras cada vez m\u00e1s desesperadas para desviar la atenci\u00f3n.<\/p>\n<p data-start=\"2796\" data-end=\"2957\">El descargo cerr\u00f3 con la firma de Mauro Icardi, dejando en claro que el conflicto judicial y medi\u00e1tico con Wanda Nara sigue escalando y promete nuevos cap\u00edtulos.<\/p>\n<p data-start=\"2796\" data-end=\"2957\"><img alt=\"\" loading=\"lazy\" decoding=\"async\" class=\"alignnone wp-image-107282 size-full\" src=\"http:\/\/www.cordobatimes.com\/showup\/wp-content\/uploads\/2026\/01\/mauroicardi_3815713016394589105.jpg\" alt=\"\" width=\"640\" height=\"1137\" srcset=\"https:\/\/www.cordobatimes.com\/showup\/wp-content\/uploads\/2026\/01\/mauroicardi_3815713016394589105.jpg 640w, https:\/\/www.cordobatimes.com\/showup\/wp-content\/uploads\/2026\/01\/mauroicardi_3815713016394589105-236x420.jpg 236w, https:\/\/www.cordobatimes.com\/showup\/wp-content\/uploads\/2026\/01\/mauroicardi_3815713016394589105-576x1024.jpg 576w, https:\/\/www.cordobatimes.com\/showup\/wp-content\/uploads\/2026\/01\/mauroicardi_3815713016394589105-150x266.jpg 150w, https:\/\/www.cordobatimes.com\/showup\/wp-content\/uploads\/2026\/01\/mauroicardi_3815713016394589105-300x533.jpg 300w\" sizes=\"auto, (max-width: 640px) 100vw, 640px\" \/><\/p>\n<p data-start=\"2796\" data-end=\"2957\"><img alt=\"\" loading=\"lazy\" decoding=\"async\" class=\"alignnone wp-image-107281 size-full\" src=\"http:\/\/www.cordobatimes.com\/showup\/wp-content\/uploads\/2026\/01\/mauroicardi_3815713819779980929.jpg\" alt=\"\" width=\"640\" height=\"1137\" srcset=\"https:\/\/www.cordobatimes.com\/showup\/wp-content\/uploads\/2026\/01\/mauroicardi_3815713819779980929.jpg 640w, https:\/\/www.cordobatimes.com\/showup\/wp-content\/uploads\/2026\/01\/mauroicardi_3815713819779980929-236x420.jpg 236w, https:\/\/www.cordobatimes.com\/showup\/wp-content\/uploads\/2026\/01\/mauroicardi_3815713819779980929-576x1024.jpg 576w, https:\/\/www.cordobatimes.com\/showup\/wp-content\/uploads\/2026\/01\/mauroicardi_3815713819779980929-150x266.jpg 150w, https:\/\/www.cordobatimes.com\/showup\/wp-content\/uploads\/2026\/01\/mauroicardi_3815713819779980929-300x533.jpg 300w\" sizes=\"auto, (max-width: 640px) 100vw, 640px\" \/><\/p>\n","protected":false},"excerpt":{"rendered":"<p>Mauro Icardi realiz\u00f3 un extenso y contundente descargo luego de la filtraci\u00f3n de supuestos chats privados que lo involucran en medio de su conflicto judicial con Wanda Nara. A trav\u00e9s de un comunicado p\u00fablico, el futbolista neg\u00f3 la veracidad de los mensajes difundidos, anunci\u00f3 acciones legales y volvi\u00f3 a defender con firmeza a su actual [&hellip;]<\/p>\n","protected":false},"author":24,"featured_media":107280,"comment_status":"closed","ping_status":"closed","sticky":false,"template":"","format":"standard","meta":{"_seopress_robots_primary_cat":"none","_seopress_titles_title":"","_seopress_titles_desc":"","_seopress_robots_index":"","footnotes":""},"categories":[4],"tags":[40967,24700,36128],"class_list":{"0":"post-107277","1":"post","2":"type-post","3":"status-publish","4":"format-standard","5":"has-post-thumbnail","7":"category-famosos","8":"tag-descargo-de-mauro-icardi","9":"tag-wanda-nara-y-mauro-icardi","10":"tag-wandagate"},"_links":{"self":[{"href":"https:\/\/www.cordobatimes.com\/showup\/wp-json\/wp\/v2\/posts\/107277","targetHints":{"allow":["GET"]}}],"collection":[{"href":"https:\/\/www.cordobatimes.com\/showup\/wp-json\/wp\/v2\/posts"}],"about":[{"href":"https:\/\/www.cordobatimes.com\/showup\/wp-json\/wp\/v2\/types\/post"}],"author":[{"embeddable":true,"href":"https:\/\/www.cordobatimes.com\/showup\/wp-json\/wp\/v2\/users\/24"}],"replies":[{"embeddable":true,"href":"https:\/\/www.cordobatimes.com\/showup\/wp-json\/wp\/v2\/comments?post=107277"}],"version-history":[{"count":0,"href":"https:\/\/www.cordobatimes.com\/showup\/wp-json\/wp\/v2\/posts\/107277\/revisions"}],"wp:featuredmedia":[{"embeddable":true,"href":"https:\/\/www.cordobatimes.com\/showup\/wp-json\/wp\/v2\/media\/107280"}],"wp:attachment":[{"href":"https:\/\/www.cordobatimes.com\/showup\/wp-json\/wp\/v2\/media?parent=107277"}],"wp:term":[{"taxonomy":"category","embeddable":true,"href":"https:\/\/www.cordobatimes.com\/showup\/wp-json\/wp\/v2\/categories?post=107277"},{"taxonomy":"post_tag","embeddable":true,"href":"https:\/\/www.cordobatimes.com\/showup\/wp-json\/wp\/v2\/tags?post=107277"}],"curies":[{"name":"wp","href":"https:\/\/api.w.org\/{rel}","templated":true}]}}