{"id":107235,"date":"2026-01-21T09:51:06","date_gmt":"2026-01-21T12:51:06","guid":{"rendered":"https:\/\/www.cordobatimes.com\/showup\/?p=107235"},"modified":"2026-01-21T09:51:06","modified_gmt":"2026-01-21T12:51:06","slug":"bomba-en-la-familia-beckham-un-video-de-2023-vuelve-a-exponer-la-interna","status":"publish","type":"post","link":"https:\/\/www.cordobatimes.com\/showup\/famosos\/2026\/01\/21\/bomba-en-la-familia-beckham-un-video-de-2023-vuelve-a-exponer-la-interna\/","title":{"rendered":"Bomba en la familia Beckham: un video de 2023 vuelve a exponer la interna"},"content":{"rendered":"<h3 data-start=\"177\" data-end=\"553\"><strong>Un video grabado en 2023 volvi\u00f3 a circular en las redes sociales y reaviv\u00f3 la tensi\u00f3n dentro de la familia Beckham. Las im\u00e1genes corresponden al photocall del adelanto de la serie <em data-start=\"357\" data-end=\"366\">Beckham<\/em> en Londres y muestran un momento inc\u00f3modo: Victoria Beckham evita interactuar con Brooklyn Beckham y su esposa Nicola Peltz, una escena que hoy adquiere un nuevo significado.<\/strong><\/h3>\n<p data-start=\"555\" data-end=\"913\">El material resurge pocos d\u00edas despu\u00e9s de que Brooklyn rompiera el silencio y hablara p\u00fablicamente sobre los conflictos con su familia. En sus recientes declaraciones, el joven asegur\u00f3 que las tensiones con sus padres no son nuevas y que se arrastran desde hace a\u00f1os. Incluso, denunci\u00f3 \u201cmentiras\u201d y un control constante por parte de David y Victoria Beckham.<\/p>\n<p data-start=\"915\" data-end=\"1283\">A la luz de estas palabras, el video deja de ser interpretado como un gesto aislado o un simple desaire y pasa a leerse como una posible se\u00f1al de un distanciamiento profundo y sostenido en el tiempo. Lo que en su momento pudo parecer una situaci\u00f3n inc\u00f3moda propia de un evento p\u00fablico, hoy parece confirmar que el conflicto familiar ven\u00eda gest\u00e1ndose desde mucho antes.<\/p>\n<p data-start=\"1285\" data-end=\"1568\">La relaci\u00f3n entre Brooklyn, Nicola y el resto de la familia Beckham ha sido motivo de rumores en reiteradas oportunidades. Este nuevo episodio vuelve a poner el foco en una interna que, lejos de resolverse, suma nuevos cap\u00edtulos y deja en evidencia una fractura que contin\u00faa abierta.<\/p>\n<div style=\"width: 576px;\" class=\"wp-video\"><video class=\"wp-video-shortcode\" id=\"video-107235-1\" width=\"576\" height=\"1024\" preload=\"metadata\" controls=\"controls\"><source type=\"video\/mp4\" src=\"http:\/\/www.cordobatimes.com\/showup\/wp-content\/uploads\/2026\/01\/WhatsApp-Video-2026-01-20-at-11.02.03-PM.mp4?_=1\" \/><a href=\"http:\/\/www.cordobatimes.com\/showup\/wp-content\/uploads\/2026\/01\/WhatsApp-Video-2026-01-20-at-11.02.03-PM.mp4\">http:\/\/www.cordobatimes.com\/showup\/wp-content\/uploads\/2026\/01\/WhatsApp-Video-2026-01-20-at-11.02.03-PM.mp4<\/a><\/video><\/div>\n","protected":false},"excerpt":{"rendered":"<p>Un video grabado en 2023 volvi\u00f3 a circular en las redes sociales y reaviv\u00f3 la tensi\u00f3n dentro de la familia Beckham. Las im\u00e1genes corresponden al photocall del adelanto de la serie Beckham en Londres y muestran un momento inc\u00f3modo: Victoria Beckham evita interactuar con Brooklyn Beckham y su esposa Nicola Peltz, una escena que hoy [&hellip;]<\/p>\n","protected":false},"author":24,"featured_media":107238,"comment_status":"closed","ping_status":"closed","sticky":false,"template":"","format":"standard","meta":{"_seopress_robots_primary_cat":"none","_seopress_titles_title":"","_seopress_titles_desc":"","_seopress_robots_index":"","footnotes":""},"categories":[12967,4],"tags":[41345,41354,41346],"class_list":{"0":"post-107235","1":"post","2":"type-post","3":"status-publish","4":"format-standard","5":"has-post-thumbnail","7":"category-destacada","8":"category-famosos","9":"tag-escandalo-en-la-familia-beckham","10":"tag-escandalo-familiar-que-rodea-a-los-beckham","11":"tag-familia-beckham"},"_links":{"self":[{"href":"https:\/\/www.cordobatimes.com\/showup\/wp-json\/wp\/v2\/posts\/107235","targetHints":{"allow":["GET"]}}],"collection":[{"href":"https:\/\/www.cordobatimes.com\/showup\/wp-json\/wp\/v2\/posts"}],"about":[{"href":"https:\/\/www.cordobatimes.com\/showup\/wp-json\/wp\/v2\/types\/post"}],"author":[{"embeddable":true,"href":"https:\/\/www.cordobatimes.com\/showup\/wp-json\/wp\/v2\/users\/24"}],"replies":[{"embeddable":true,"href":"https:\/\/www.cordobatimes.com\/showup\/wp-json\/wp\/v2\/comments?post=107235"}],"version-history":[{"count":0,"href":"https:\/\/www.cordobatimes.com\/showup\/wp-json\/wp\/v2\/posts\/107235\/revisions"}],"wp:featuredmedia":[{"embeddable":true,"href":"https:\/\/www.cordobatimes.com\/showup\/wp-json\/wp\/v2\/media\/107238"}],"wp:attachment":[{"href":"https:\/\/www.cordobatimes.com\/showup\/wp-json\/wp\/v2\/media?parent=107235"}],"wp:term":[{"taxonomy":"category","embeddable":true,"href":"https:\/\/www.cordobatimes.com\/showup\/wp-json\/wp\/v2\/categories?post=107235"},{"taxonomy":"post_tag","embeddable":true,"href":"https:\/\/www.cordobatimes.com\/showup\/wp-json\/wp\/v2\/tags?post=107235"}],"curies":[{"name":"wp","href":"https:\/\/api.w.org\/{rel}","templated":true}]}}