{"id":107220,"date":"2026-01-21T09:13:48","date_gmt":"2026-01-21T12:13:48","guid":{"rendered":"https:\/\/www.cordobatimes.com\/showup\/?p=107220"},"modified":"2026-01-21T09:13:48","modified_gmt":"2026-01-21T12:13:48","slug":"ashley-tisdale-revivio-los-outfits-de-high-school-musical-a-20-anos-del-estreno","status":"publish","type":"post","link":"https:\/\/www.cordobatimes.com\/showup\/moda-y-estilos\/2026\/01\/21\/ashley-tisdale-revivio-los-outfits-de-high-school-musical-a-20-anos-del-estreno\/","title":{"rendered":"Ashley Tisdale revivi\u00f3 los outfits de High School Musical a 20 a\u00f1os del estreno"},"content":{"rendered":"<h3 data-start=\"170\" data-end=\"380\"><strong>A 20 a\u00f1os del estreno de <em data-start=\"195\" data-end=\"216\">High School Musical<\/em>, Ashley Tisdale volvi\u00f3 a ponerse en la piel de Sharpay Evans y sorprendi\u00f3 al recrear varios de los outfits m\u00e1s ic\u00f3nicos de la saga que marc\u00f3 a toda una generaci\u00f3n.<\/strong><\/h3>\n<p data-start=\"382\" data-end=\"686\">La actriz y cantante comparti\u00f3 un video en sus redes sociales donde desempolv\u00f3 prendas originales que us\u00f3 durante el rodaje de las pel\u00edculas de Disney y las model\u00f3 una por una, desatando una ola de nostalgia entre los fans. \u201c20 a\u00f1os despu\u00e9s y todav\u00eda entran\u201d, brome\u00f3 Ashley, que hoy es mam\u00e1 de dos hijas.<\/p>\n<p data-start=\"688\" data-end=\"1022\">Entre los looks que volvi\u00f3 a lucir se destacaron el vestido turquesa con volados que Sharpay us\u00f3 en \u201cBop to the Top\u201d, el conjunto rosa de tweed que se convirti\u00f3 en una de las im\u00e1genes m\u00e1s recordadas del personaje y un outfit con brillos y tonos fucsia que representaba a la perfecci\u00f3n el estilo glam y exagerado que defin\u00eda a Sharpay.<\/p>\n<p data-start=\"688\" data-end=\"1022\"><img alt=\"\" loading=\"lazy\" decoding=\"async\" class=\"alignnone wp-image-107225 size-full\" src=\"http:\/\/www.cordobatimes.com\/showup\/wp-content\/uploads\/2026\/01\/Pantallazo-21-01-2026-09.04.11.jpg\" alt=\"\" width=\"768\" height=\"515\" srcset=\"https:\/\/www.cordobatimes.com\/showup\/wp-content\/uploads\/2026\/01\/Pantallazo-21-01-2026-09.04.11.jpg 768w, https:\/\/www.cordobatimes.com\/showup\/wp-content\/uploads\/2026\/01\/Pantallazo-21-01-2026-09.04.11-626x420.jpg 626w, https:\/\/www.cordobatimes.com\/showup\/wp-content\/uploads\/2026\/01\/Pantallazo-21-01-2026-09.04.11-150x101.jpg 150w, https:\/\/www.cordobatimes.com\/showup\/wp-content\/uploads\/2026\/01\/Pantallazo-21-01-2026-09.04.11-300x201.jpg 300w, https:\/\/www.cordobatimes.com\/showup\/wp-content\/uploads\/2026\/01\/Pantallazo-21-01-2026-09.04.11-696x467.jpg 696w\" sizes=\"auto, (max-width: 768px) 100vw, 768px\" \/><\/p>\n<p data-start=\"688\" data-end=\"1022\"><img alt=\"\" loading=\"lazy\" decoding=\"async\" class=\"alignnone wp-image-107226 size-full\" src=\"http:\/\/www.cordobatimes.com\/showup\/wp-content\/uploads\/2026\/01\/Pantallazo-21-01-2026-09.09.01.jpg\" alt=\"\" width=\"845\" height=\"858\" srcset=\"https:\/\/www.cordobatimes.com\/showup\/wp-content\/uploads\/2026\/01\/Pantallazo-21-01-2026-09.09.01.jpg 845w, https:\/\/www.cordobatimes.com\/showup\/wp-content\/uploads\/2026\/01\/Pantallazo-21-01-2026-09.09.01-414x420.jpg 414w, https:\/\/www.cordobatimes.com\/showup\/wp-content\/uploads\/2026\/01\/Pantallazo-21-01-2026-09.09.01-768x780.jpg 768w, https:\/\/www.cordobatimes.com\/showup\/wp-content\/uploads\/2026\/01\/Pantallazo-21-01-2026-09.09.01-150x152.jpg 150w, https:\/\/www.cordobatimes.com\/showup\/wp-content\/uploads\/2026\/01\/Pantallazo-21-01-2026-09.09.01-300x305.jpg 300w, https:\/\/www.cordobatimes.com\/showup\/wp-content\/uploads\/2026\/01\/Pantallazo-21-01-2026-09.09.01-696x707.jpg 696w\" sizes=\"auto, (max-width: 845px) 100vw, 845px\" \/><\/p>\n<p data-start=\"688\" data-end=\"1022\"><img alt=\"\" loading=\"lazy\" decoding=\"async\" class=\"alignnone wp-image-107227 size-full\" src=\"http:\/\/www.cordobatimes.com\/showup\/wp-content\/uploads\/2026\/01\/Pantallazo-21-01-2026-09.06.49.jpg\" alt=\"\" width=\"665\" height=\"843\" srcset=\"https:\/\/www.cordobatimes.com\/showup\/wp-content\/uploads\/2026\/01\/Pantallazo-21-01-2026-09.06.49.jpg 665w, https:\/\/www.cordobatimes.com\/showup\/wp-content\/uploads\/2026\/01\/Pantallazo-21-01-2026-09.06.49-331x420.jpg 331w, https:\/\/www.cordobatimes.com\/showup\/wp-content\/uploads\/2026\/01\/Pantallazo-21-01-2026-09.06.49-150x190.jpg 150w, https:\/\/www.cordobatimes.com\/showup\/wp-content\/uploads\/2026\/01\/Pantallazo-21-01-2026-09.06.49-300x380.jpg 300w\" sizes=\"auto, (max-width: 665px) 100vw, 665px\" \/><\/p>\n<p data-start=\"1024\" data-end=\"1387\">Si bien el paso del tiempo es evidente, Ashley demostr\u00f3 que los outfits siguen intactos y que el esp\u00edritu de <em data-start=\"1133\" data-end=\"1154\">High School Musical<\/em> contin\u00faa vivo. Lejos de ese estilo recargado, la actriz ha contado en varias oportunidades que hoy su est\u00e9tica es mucho m\u00e1s relajada y minimalista, aunque reconoce que Sharpay fue clave en su carrera y en la cultura pop de los 2000.<\/p>\n<p data-start=\"1389\" data-end=\"1601\">El revival no solo celebr\u00f3 el aniversario de la pel\u00edcula, sino que tambi\u00e9n reafirm\u00f3 el impacto que <em data-start=\"1488\" data-end=\"1509\">High School Musical<\/em> tuvo en una generaci\u00f3n que, dos d\u00e9cadas despu\u00e9s, sigue recordando cada canci\u00f3n y cada look.<\/p>\n<div style=\"width: 480px;\" class=\"wp-video\"><video class=\"wp-video-shortcode\" id=\"video-107220-1\" width=\"480\" height=\"864\" preload=\"metadata\" controls=\"controls\"><source type=\"video\/mp4\" src=\"http:\/\/www.cordobatimes.com\/showup\/wp-content\/uploads\/2026\/01\/WhatsApp-Video-2026-01-20-at-11.02.14-PM.mp4?_=1\" \/><a href=\"http:\/\/www.cordobatimes.com\/showup\/wp-content\/uploads\/2026\/01\/WhatsApp-Video-2026-01-20-at-11.02.14-PM.mp4\">http:\/\/www.cordobatimes.com\/showup\/wp-content\/uploads\/2026\/01\/WhatsApp-Video-2026-01-20-at-11.02.14-PM.mp4<\/a><\/video><\/div>\n","protected":false},"excerpt":{"rendered":"<p>A 20 a\u00f1os del estreno de High School Musical, Ashley Tisdale volvi\u00f3 a ponerse en la piel de Sharpay Evans y sorprendi\u00f3 al recrear varios de los outfits m\u00e1s ic\u00f3nicos de la saga que marc\u00f3 a toda una generaci\u00f3n. La actriz y cantante comparti\u00f3 un video en sus redes sociales donde desempolv\u00f3 prendas originales que [&hellip;]<\/p>\n","protected":false},"author":24,"featured_media":107223,"comment_status":"closed","ping_status":"closed","sticky":false,"template":"","format":"standard","meta":{"_seopress_robots_primary_cat":"none","_seopress_titles_title":"","_seopress_titles_desc":"","_seopress_robots_index":"","footnotes":""},"categories":[228],"tags":[41363,40470,41364,41365,41366],"class_list":{"0":"post-107220","1":"post","2":"type-post","3":"status-publish","4":"format-standard","5":"has-post-thumbnail","7":"category-moda-y-estilos","8":"tag-ashley-tisdale-revivio-los-outfits-de-high-school-musical","9":"tag-iconicos-outfits-de-sharpay-evans","10":"tag-outfits-de-high-school-musical","11":"tag-outfits-de-high-school-musical-sharpay-evans","12":"tag-outfits-sharpay-evans"},"_links":{"self":[{"href":"https:\/\/www.cordobatimes.com\/showup\/wp-json\/wp\/v2\/posts\/107220","targetHints":{"allow":["GET"]}}],"collection":[{"href":"https:\/\/www.cordobatimes.com\/showup\/wp-json\/wp\/v2\/posts"}],"about":[{"href":"https:\/\/www.cordobatimes.com\/showup\/wp-json\/wp\/v2\/types\/post"}],"author":[{"embeddable":true,"href":"https:\/\/www.cordobatimes.com\/showup\/wp-json\/wp\/v2\/users\/24"}],"replies":[{"embeddable":true,"href":"https:\/\/www.cordobatimes.com\/showup\/wp-json\/wp\/v2\/comments?post=107220"}],"version-history":[{"count":0,"href":"https:\/\/www.cordobatimes.com\/showup\/wp-json\/wp\/v2\/posts\/107220\/revisions"}],"wp:featuredmedia":[{"embeddable":true,"href":"https:\/\/www.cordobatimes.com\/showup\/wp-json\/wp\/v2\/media\/107223"}],"wp:attachment":[{"href":"https:\/\/www.cordobatimes.com\/showup\/wp-json\/wp\/v2\/media?parent=107220"}],"wp:term":[{"taxonomy":"category","embeddable":true,"href":"https:\/\/www.cordobatimes.com\/showup\/wp-json\/wp\/v2\/categories?post=107220"},{"taxonomy":"post_tag","embeddable":true,"href":"https:\/\/www.cordobatimes.com\/showup\/wp-json\/wp\/v2\/tags?post=107220"}],"curies":[{"name":"wp","href":"https:\/\/api.w.org\/{rel}","templated":true}]}}