{"id":107214,"date":"2026-01-21T08:37:11","date_gmt":"2026-01-21T11:37:11","guid":{"rendered":"https:\/\/www.cordobatimes.com\/showup\/?p=107214"},"modified":"2026-01-21T08:37:11","modified_gmt":"2026-01-21T11:37:11","slug":"wanda-nara-quiere-volver-a-ser-mama-el-dialogo-con-maxi-lopez-en-masterchef-celebrity","status":"publish","type":"post","link":"https:\/\/www.cordobatimes.com\/showup\/tv\/2026\/01\/21\/wanda-nara-quiere-volver-a-ser-mama-el-dialogo-con-maxi-lopez-en-masterchef-celebrity\/","title":{"rendered":"\u00bfWanda Nara quiere volver a ser mam\u00e1? El di\u00e1logo con Maxi L\u00f3pez en MasterChef Celebrity"},"content":{"rendered":"<h3 data-start=\"290\" data-end=\"535\"><strong>En una reciente emisi\u00f3n de <em data-start=\"317\" data-end=\"339\">MasterChef Celebrity<\/em>, Wanda Nara y Maxi L\u00f3pez protagonizaron un intercambio que llam\u00f3 la atenci\u00f3n al hablar del nacimiento de Lando L\u00f3pez, el hijo menor del exfutbolista junto a Daniela Christiansson<\/strong>.<\/h3>\n<p data-start=\"537\" data-end=\"879\">Durante la charla, <strong data-start=\"556\" data-end=\"570\">Maxi L\u00f3pez<\/strong> se mostr\u00f3 emocionado al referirse a su presente familiar y expres\u00f3 su deseo de poder estar m\u00e1s cerca de todos sus hijos. En ese contexto, <strong data-start=\"709\" data-end=\"723\">Wanda Nara<\/strong> intervino con una pregunta que abri\u00f3 el juego sobre decisiones personales y proyectos a futuro, generando un clima distendido y de complicidad entre ambos.<\/p>\n<p data-start=\"881\" data-end=\"1142\">Si bien el di\u00e1logo gir\u00f3 en torno a la familia y la llegada de un nuevo beb\u00e9, <strong data-start=\"958\" data-end=\"967\">Wanda<\/strong> no afirm\u00f3 de manera directa que quiera volver a ser mam\u00e1. Sin embargo, el tema qued\u00f3 instalado a partir de la conversaci\u00f3n y despert\u00f3 especulaciones sobre su futuro personal.<\/p>\n<p data-start=\"1144\" data-end=\"1367\">El momento no pas\u00f3 inadvertido y volvi\u00f3 a ubicar a <strong data-start=\"1195\" data-end=\"1209\">Wanda Nara<\/strong> en el centro de la escena, esta vez por una charla \u00edntima que expuso la buena relaci\u00f3n actual con su expareja y la importancia que ambos le dan a la familia.<\/p>\n<div style=\"width: 488px;\" class=\"wp-video\"><video class=\"wp-video-shortcode\" id=\"video-107214-1\" width=\"488\" height=\"270\" preload=\"metadata\" controls=\"controls\"><source type=\"video\/mp4\" src=\"http:\/\/www.cordobatimes.com\/showup\/wp-content\/uploads\/2026\/01\/WhatsApp-Video-2026-01-21-at-8.25.57-AM.mp4?_=1\" \/><a href=\"http:\/\/www.cordobatimes.com\/showup\/wp-content\/uploads\/2026\/01\/WhatsApp-Video-2026-01-21-at-8.25.57-AM.mp4\">http:\/\/www.cordobatimes.com\/showup\/wp-content\/uploads\/2026\/01\/WhatsApp-Video-2026-01-21-at-8.25.57-AM.mp4<\/a><\/video><\/div>\n","protected":false},"excerpt":{"rendered":"<p>En una reciente emisi\u00f3n de MasterChef Celebrity, Wanda Nara y Maxi L\u00f3pez protagonizaron un intercambio que llam\u00f3 la atenci\u00f3n al hablar del nacimiento de Lando L\u00f3pez, el hijo menor del exfutbolista junto a Daniela Christiansson. Durante la charla, Maxi L\u00f3pez se mostr\u00f3 emocionado al referirse a su presente familiar y expres\u00f3 su deseo de poder [&hellip;]<\/p>\n","protected":false},"author":24,"featured_media":107218,"comment_status":"closed","ping_status":"closed","sticky":false,"template":"","format":"standard","meta":{"_seopress_robots_primary_cat":"none","_seopress_titles_title":"","_seopress_titles_desc":"","_seopress_robots_index":"","footnotes":""},"categories":[2],"tags":[40692,7569,41011],"class_list":{"0":"post-107214","1":"post","2":"type-post","3":"status-publish","4":"format-standard","5":"has-post-thumbnail","7":"category-tv","8":"tag-masterchef-celebrity","9":"tag-wanda-nara-maxi-lopez","10":"tag-wanda-nara-maxi-lopez-master-chef"},"_links":{"self":[{"href":"https:\/\/www.cordobatimes.com\/showup\/wp-json\/wp\/v2\/posts\/107214","targetHints":{"allow":["GET"]}}],"collection":[{"href":"https:\/\/www.cordobatimes.com\/showup\/wp-json\/wp\/v2\/posts"}],"about":[{"href":"https:\/\/www.cordobatimes.com\/showup\/wp-json\/wp\/v2\/types\/post"}],"author":[{"embeddable":true,"href":"https:\/\/www.cordobatimes.com\/showup\/wp-json\/wp\/v2\/users\/24"}],"replies":[{"embeddable":true,"href":"https:\/\/www.cordobatimes.com\/showup\/wp-json\/wp\/v2\/comments?post=107214"}],"version-history":[{"count":0,"href":"https:\/\/www.cordobatimes.com\/showup\/wp-json\/wp\/v2\/posts\/107214\/revisions"}],"wp:featuredmedia":[{"embeddable":true,"href":"https:\/\/www.cordobatimes.com\/showup\/wp-json\/wp\/v2\/media\/107218"}],"wp:attachment":[{"href":"https:\/\/www.cordobatimes.com\/showup\/wp-json\/wp\/v2\/media?parent=107214"}],"wp:term":[{"taxonomy":"category","embeddable":true,"href":"https:\/\/www.cordobatimes.com\/showup\/wp-json\/wp\/v2\/categories?post=107214"},{"taxonomy":"post_tag","embeddable":true,"href":"https:\/\/www.cordobatimes.com\/showup\/wp-json\/wp\/v2\/tags?post=107214"}],"curies":[{"name":"wp","href":"https:\/\/api.w.org\/{rel}","templated":true}]}}