{"id":107202,"date":"2026-01-20T18:11:47","date_gmt":"2026-01-20T21:11:47","guid":{"rendered":"https:\/\/www.cordobatimes.com\/showup\/?p=107202"},"modified":"2026-01-20T18:11:47","modified_gmt":"2026-01-20T21:11:47","slug":"esteban-mirol-exploto-contra-masterchef-celebrity-me-maltrataron","status":"publish","type":"post","link":"https:\/\/www.cordobatimes.com\/showup\/famosos\/2026\/01\/20\/esteban-mirol-exploto-contra-masterchef-celebrity-me-maltrataron\/","title":{"rendered":"Esteban Mirol explot\u00f3 contra MasterChef Celebrity: \u201cme maltrataron\u201d"},"content":{"rendered":"<h3 data-start=\"199\" data-end=\"466\"><strong>Esteban Mirol rompi\u00f3 el silencio tras su eliminaci\u00f3n en el repechaje de <em data-start=\"271\" data-end=\"293\">MasterChef Celebrity<\/em> y lanz\u00f3 dur\u00edsimas cr\u00edticas contra el reality de Telefe. El periodista asegur\u00f3 que vivi\u00f3 una experiencia negativa y que se sinti\u00f3 maltratado durante su paso por el programa.<\/strong><\/h3>\n<p data-start=\"468\" data-end=\"710\">\u201cMe maltrataron, me basurearon\u201d, afirm\u00f3 en una entrevista televisiva, donde apunt\u00f3 tanto contra la producci\u00f3n como contra el jurado. Seg\u00fan explic\u00f3, el clima dentro del certamen estuvo lejos de ser el que le hab\u00edan prometido antes de ingresar.<\/p>\n<p data-start=\"712\" data-end=\"931\">Mirol sostuvo que las devoluciones fueron desmedidas y que not\u00f3 un trato desigual entre los participantes. \u201cNo todos \u00e9ramos evaluados de la misma manera\u201d, desliz\u00f3, dejando entrever favoritismos dentro de la competencia.<\/p>\n<p data-start=\"933\" data-end=\"1102\">Adem\u00e1s, remarc\u00f3 que no fue el \u00fanico que se sinti\u00f3 inc\u00f3modo y que varios compa\u00f1eros atravesaron situaciones similares, aunque no todos se animaron a decirlo p\u00fablicamente.<\/p>\n<p data-start=\"1104\" data-end=\"1315\">Tras su salida, el periodista dej\u00f3 en claro que no volver\u00eda a participar de un formato similar y que su experiencia en <em data-start=\"1223\" data-end=\"1245\">MasterChef Celebrity<\/em> fue, lejos de un disfrute, un momento de tensi\u00f3n y malestar personal.<\/p>\n<p data-start=\"1104\" data-end=\"1315\">\n<div style=\"width: 656px;\" class=\"wp-video\"><video class=\"wp-video-shortcode\" id=\"video-107202-1\" width=\"656\" height=\"360\" preload=\"metadata\" controls=\"controls\"><source type=\"video\/mp4\" src=\"http:\/\/www.cordobatimes.com\/showup\/wp-content\/uploads\/2026\/01\/ssstwitter.com_1768942714845.mp4?_=1\" \/><a href=\"http:\/\/www.cordobatimes.com\/showup\/wp-content\/uploads\/2026\/01\/ssstwitter.com_1768942714845.mp4\">http:\/\/www.cordobatimes.com\/showup\/wp-content\/uploads\/2026\/01\/ssstwitter.com_1768942714845.mp4<\/a><\/video><\/div>\n","protected":false},"excerpt":{"rendered":"<p>Esteban Mirol rompi\u00f3 el silencio tras su eliminaci\u00f3n en el repechaje de MasterChef Celebrity y lanz\u00f3 dur\u00edsimas cr\u00edticas contra el reality de Telefe. El periodista asegur\u00f3 que vivi\u00f3 una experiencia negativa y que se sinti\u00f3 maltratado durante su paso por el programa. \u201cMe maltrataron, me basurearon\u201d, afirm\u00f3 en una entrevista televisiva, donde apunt\u00f3 tanto contra [&hellip;]<\/p>\n","protected":false},"author":24,"featured_media":107206,"comment_status":"closed","ping_status":"closed","sticky":false,"template":"","format":"standard","meta":{"_seopress_robots_primary_cat":"none","_seopress_titles_title":"","_seopress_titles_desc":"","_seopress_robots_index":"","footnotes":""},"categories":[4],"tags":[41359,41360,40692],"class_list":{"0":"post-107202","1":"post","2":"type-post","3":"status-publish","4":"format-standard","5":"has-post-thumbnail","7":"category-famosos","8":"tag-esteban-mirol","9":"tag-esteban-mirol-masterchef-celebrity","10":"tag-masterchef-celebrity"},"_links":{"self":[{"href":"https:\/\/www.cordobatimes.com\/showup\/wp-json\/wp\/v2\/posts\/107202","targetHints":{"allow":["GET"]}}],"collection":[{"href":"https:\/\/www.cordobatimes.com\/showup\/wp-json\/wp\/v2\/posts"}],"about":[{"href":"https:\/\/www.cordobatimes.com\/showup\/wp-json\/wp\/v2\/types\/post"}],"author":[{"embeddable":true,"href":"https:\/\/www.cordobatimes.com\/showup\/wp-json\/wp\/v2\/users\/24"}],"replies":[{"embeddable":true,"href":"https:\/\/www.cordobatimes.com\/showup\/wp-json\/wp\/v2\/comments?post=107202"}],"version-history":[{"count":0,"href":"https:\/\/www.cordobatimes.com\/showup\/wp-json\/wp\/v2\/posts\/107202\/revisions"}],"wp:featuredmedia":[{"embeddable":true,"href":"https:\/\/www.cordobatimes.com\/showup\/wp-json\/wp\/v2\/media\/107206"}],"wp:attachment":[{"href":"https:\/\/www.cordobatimes.com\/showup\/wp-json\/wp\/v2\/media?parent=107202"}],"wp:term":[{"taxonomy":"category","embeddable":true,"href":"https:\/\/www.cordobatimes.com\/showup\/wp-json\/wp\/v2\/categories?post=107202"},{"taxonomy":"post_tag","embeddable":true,"href":"https:\/\/www.cordobatimes.com\/showup\/wp-json\/wp\/v2\/tags?post=107202"}],"curies":[{"name":"wp","href":"https:\/\/api.w.org\/{rel}","templated":true}]}}