{"id":107169,"date":"2026-01-20T10:08:29","date_gmt":"2026-01-20T13:08:29","guid":{"rendered":"https:\/\/www.cordobatimes.com\/showup\/?p=107169"},"modified":"2026-01-20T10:10:58","modified_gmt":"2026-01-20T13:10:58","slug":"gran-hermano-celebra-25-anos-con-una-promo-especial-de-generacion-dorada","status":"publish","type":"post","link":"https:\/\/www.cordobatimes.com\/showup\/tv\/2026\/01\/20\/gran-hermano-celebra-25-anos-con-una-promo-especial-de-generacion-dorada\/","title":{"rendered":"Gran Hermano celebra 25 a\u00f1os con una promo especial de Generaci\u00f3n Dorada"},"content":{"rendered":"<h3 data-start=\"156\" data-end=\"414\"><strong>Santiago del Moro comparti\u00f3 en su cuenta de Instagram la nueva promo de Gran Hermano: Generaci\u00f3n Dorada, una pieza audiovisual que recorre los 25 a\u00f1os del reality y rinde homenaje a las figuras que marcaron su historia en la televisi\u00f3n argentina.<\/strong><\/h3>\n<p data-start=\"416\" data-end=\"766\">El video apela a la nostalgia y combina im\u00e1genes de distintas etapas del programa, con la presencia de conductores y ex participantes emblem\u00e1ticos. Entre ellos aparecen <strong data-start=\"585\" data-end=\"605\">Soledad Silveyra<\/strong>, primera conductora del ciclo; <strong data-start=\"637\" data-end=\"651\">Jorge Rial<\/strong>, quien consolid\u00f3 el fen\u00f3meno en sus primeras ediciones; y <strong data-start=\"710\" data-end=\"729\">Mariano Peluffo<\/strong>, referente de las galas posteriores.<\/p>\n<p data-start=\"768\" data-end=\"1022\">Tambi\u00e9n se destacan ex jugadores que dejaron una huella en el juego y en el p\u00fablico, como <strong data-start=\"858\" data-end=\"878\">Gast\u00f3n Trezeguet<\/strong>, <strong data-start=\"880\" data-end=\"899\">Marianela Mirra<\/strong>, <strong data-start=\"901\" data-end=\"915\">Cristian U<\/strong> y <strong data-start=\"918\" data-end=\"936\">Diego Leonardi<\/strong>, todos asociados a temporadas clave y estrategias que definieron el ADN del programa.<\/p>\n<p data-start=\"1024\" data-end=\"1351\">La promo anticipa una edici\u00f3n especial que buscar\u00e1 reconectar con la <strong data-start=\"1093\" data-end=\"1124\">memoria emotiva del p\u00fablico<\/strong>, celebrando el impacto cultural de Gran Hermano y su vigencia a lo largo de m\u00e1s de dos d\u00e9cadas. Con este lanzamiento, Telefe apuesta a reforzar el legado del reality y a consolidar una nueva etapa que dialogue con su historia.<\/p>\n<div style=\"width: 696px;\" class=\"wp-video\"><video class=\"wp-video-shortcode\" id=\"video-107169-1\" width=\"696\" height=\"696\" preload=\"metadata\" controls=\"controls\"><source type=\"video\/mp4\" src=\"http:\/\/www.cordobatimes.com\/showup\/wp-content\/uploads\/2026\/01\/ssstwitter.com_1768913586448.mp4?_=1\" \/><a href=\"http:\/\/www.cordobatimes.com\/showup\/wp-content\/uploads\/2026\/01\/ssstwitter.com_1768913586448.mp4\">http:\/\/www.cordobatimes.com\/showup\/wp-content\/uploads\/2026\/01\/ssstwitter.com_1768913586448.mp4<\/a><\/video><\/div>\n","protected":false},"excerpt":{"rendered":"<p>Santiago del Moro comparti\u00f3 en su cuenta de Instagram la nueva promo de Gran Hermano: Generaci\u00f3n Dorada, una pieza audiovisual que recorre los 25 a\u00f1os del reality y rinde homenaje a las figuras que marcaron su historia en la televisi\u00f3n argentina. El video apela a la nostalgia y combina im\u00e1genes de distintas etapas del programa, [&hellip;]<\/p>\n","protected":false},"author":24,"featured_media":107174,"comment_status":"closed","ping_status":"closed","sticky":false,"template":"","format":"standard","meta":{"_seopress_robots_primary_cat":"none","_seopress_titles_title":"","_seopress_titles_desc":"","_seopress_robots_index":"","footnotes":""},"categories":[2],"tags":[41349,41350],"class_list":{"0":"post-107169","1":"post","2":"type-post","3":"status-publish","4":"format-standard","5":"has-post-thumbnail","7":"category-tv","8":"tag-gran-hermano-celebra-25-anos","9":"tag-gran-hermano-generacion-dorada"},"_links":{"self":[{"href":"https:\/\/www.cordobatimes.com\/showup\/wp-json\/wp\/v2\/posts\/107169","targetHints":{"allow":["GET"]}}],"collection":[{"href":"https:\/\/www.cordobatimes.com\/showup\/wp-json\/wp\/v2\/posts"}],"about":[{"href":"https:\/\/www.cordobatimes.com\/showup\/wp-json\/wp\/v2\/types\/post"}],"author":[{"embeddable":true,"href":"https:\/\/www.cordobatimes.com\/showup\/wp-json\/wp\/v2\/users\/24"}],"replies":[{"embeddable":true,"href":"https:\/\/www.cordobatimes.com\/showup\/wp-json\/wp\/v2\/comments?post=107169"}],"version-history":[{"count":0,"href":"https:\/\/www.cordobatimes.com\/showup\/wp-json\/wp\/v2\/posts\/107169\/revisions"}],"wp:featuredmedia":[{"embeddable":true,"href":"https:\/\/www.cordobatimes.com\/showup\/wp-json\/wp\/v2\/media\/107174"}],"wp:attachment":[{"href":"https:\/\/www.cordobatimes.com\/showup\/wp-json\/wp\/v2\/media?parent=107169"}],"wp:term":[{"taxonomy":"category","embeddable":true,"href":"https:\/\/www.cordobatimes.com\/showup\/wp-json\/wp\/v2\/categories?post=107169"},{"taxonomy":"post_tag","embeddable":true,"href":"https:\/\/www.cordobatimes.com\/showup\/wp-json\/wp\/v2\/tags?post=107169"}],"curies":[{"name":"wp","href":"https:\/\/api.w.org\/{rel}","templated":true}]}}