{"id":107066,"date":"2026-01-16T10:39:28","date_gmt":"2026-01-16T13:39:28","guid":{"rendered":"https:\/\/www.cordobatimes.com\/showup\/?p=107066"},"modified":"2026-01-16T10:39:28","modified_gmt":"2026-01-16T13:39:28","slug":"salio-el-primer-trailer-de-la-temporada-2-de-ted","status":"publish","type":"post","link":"https:\/\/www.cordobatimes.com\/showup\/cine-y-series\/2026\/01\/16\/salio-el-primer-trailer-de-la-temporada-2-de-ted\/","title":{"rendered":"Sali\u00f3 el primer tr\u00e1iler de la temporada 2 de \u201cTed\u201d"},"content":{"rendered":"<h3 data-start=\"152\" data-end=\"443\"><strong>Ya se conoci\u00f3 el primer tr\u00e1iler oficial de la segunda temporada de \u201cTed\u201d, la serie precuela basada en las exitosas pel\u00edculas creadas por Seth MacFarlane. El adelanto confirma el regreso del oso m\u00e1s irreverente de la televisi\u00f3n con nuevas situaciones cargadas de humor \u00e1cido y descontrol.<\/strong><\/h3>\n<p data-start=\"445\" data-end=\"740\">La historia contin\u00faa ambientada en los a\u00f1os 90 y vuelve a centrarse en Ted y John Bennett durante el \u00faltimo a\u00f1o de secundaria. El tr\u00e1iler anticipa conflictos familiares, problemas escolares y el tono pol\u00edticamente incorrecto que caracteriz\u00f3 a la primera temporada, que fue un \u00e9xito de audiencia.<\/p>\n<p data-start=\"742\" data-end=\"950\">La temporada 2 contar\u00e1 con <strong data-start=\"769\" data-end=\"787\">ocho episodios<\/strong> y marcar\u00e1 una nueva etapa en la vida de los protagonistas, manteniendo el esp\u00edritu provocador que convirti\u00f3 a la serie en una de las m\u00e1s comentadas del streaming.<\/p>\n<div style=\"width: 640px;\" class=\"wp-video\"><video class=\"wp-video-shortcode\" id=\"video-107066-1\" width=\"640\" height=\"360\" preload=\"metadata\" controls=\"controls\"><source type=\"video\/mp4\" src=\"http:\/\/www.cordobatimes.com\/showup\/wp-content\/uploads\/2026\/01\/ssstwitter.com_1768570205030.mp4?_=1\" \/><a href=\"http:\/\/www.cordobatimes.com\/showup\/wp-content\/uploads\/2026\/01\/ssstwitter.com_1768570205030.mp4\">http:\/\/www.cordobatimes.com\/showup\/wp-content\/uploads\/2026\/01\/ssstwitter.com_1768570205030.mp4<\/a><\/video><\/div>\n","protected":false},"excerpt":{"rendered":"<p>Ya se conoci\u00f3 el primer tr\u00e1iler oficial de la segunda temporada de \u201cTed\u201d, la serie precuela basada en las exitosas pel\u00edculas creadas por Seth MacFarlane. El adelanto confirma el regreso del oso m\u00e1s irreverente de la televisi\u00f3n con nuevas situaciones cargadas de humor \u00e1cido y descontrol. La historia contin\u00faa ambientada en los a\u00f1os 90 y [&hellip;]<\/p>\n","protected":false},"author":24,"featured_media":107069,"comment_status":"closed","ping_status":"closed","sticky":false,"template":"","format":"standard","meta":{"_seopress_robots_primary_cat":"none","_seopress_titles_title":"","_seopress_titles_desc":"","_seopress_robots_index":"","footnotes":""},"categories":[3],"tags":[41315,41314],"class_list":{"0":"post-107066","1":"post","2":"type-post","3":"status-publish","4":"format-standard","5":"has-post-thumbnail","7":"category-cine-y-series","8":"tag-segunda-temporada-de-ted","9":"tag-trailer-de-la-temporada-2-de-ted"},"_links":{"self":[{"href":"https:\/\/www.cordobatimes.com\/showup\/wp-json\/wp\/v2\/posts\/107066","targetHints":{"allow":["GET"]}}],"collection":[{"href":"https:\/\/www.cordobatimes.com\/showup\/wp-json\/wp\/v2\/posts"}],"about":[{"href":"https:\/\/www.cordobatimes.com\/showup\/wp-json\/wp\/v2\/types\/post"}],"author":[{"embeddable":true,"href":"https:\/\/www.cordobatimes.com\/showup\/wp-json\/wp\/v2\/users\/24"}],"replies":[{"embeddable":true,"href":"https:\/\/www.cordobatimes.com\/showup\/wp-json\/wp\/v2\/comments?post=107066"}],"version-history":[{"count":0,"href":"https:\/\/www.cordobatimes.com\/showup\/wp-json\/wp\/v2\/posts\/107066\/revisions"}],"wp:featuredmedia":[{"embeddable":true,"href":"https:\/\/www.cordobatimes.com\/showup\/wp-json\/wp\/v2\/media\/107069"}],"wp:attachment":[{"href":"https:\/\/www.cordobatimes.com\/showup\/wp-json\/wp\/v2\/media?parent=107066"}],"wp:term":[{"taxonomy":"category","embeddable":true,"href":"https:\/\/www.cordobatimes.com\/showup\/wp-json\/wp\/v2\/categories?post=107066"},{"taxonomy":"post_tag","embeddable":true,"href":"https:\/\/www.cordobatimes.com\/showup\/wp-json\/wp\/v2\/tags?post=107066"}],"curies":[{"name":"wp","href":"https:\/\/api.w.org\/{rel}","templated":true}]}}