{"id":107023,"date":"2026-01-15T12:21:50","date_gmt":"2026-01-15T15:21:50","guid":{"rendered":"https:\/\/www.cordobatimes.com\/showup\/?p=107023"},"modified":"2026-01-15T12:21:50","modified_gmt":"2026-01-15T15:21:50","slug":"ventura-y-mirol-quedaron-eliminados-del-repechaje-de-masterchef-celebrity","status":"publish","type":"post","link":"https:\/\/www.cordobatimes.com\/showup\/tv\/2026\/01\/15\/ventura-y-mirol-quedaron-eliminados-del-repechaje-de-masterchef-celebrity\/","title":{"rendered":"Ventura y Mirol quedaron eliminados del repechaje de MasterChef Celebrity"},"content":{"rendered":"<h3 data-start=\"203\" data-end=\"452\"><strong>Luis Ventura y Esteban Mirol fueron eliminados del repechaje de <em data-start=\"267\" data-end=\"289\">MasterChef Celebrity<\/em> y quedaron definitivamente fuera de la competencia. Ambos intentaban regresar al reality gastron\u00f3mico, pero no lograron convencer al jurado con sus preparaciones.<\/strong><\/h3>\n<p data-start=\"454\" data-end=\"755\">La salida que m\u00e1s llam\u00f3 la atenci\u00f3n fue la de <strong data-start=\"500\" data-end=\"517\">Esteban Mirol<\/strong>, quien tras escuchar la devoluci\u00f3n del jurado decidi\u00f3 no brindar testimonial ni despedirse frente a c\u00e1maras, una actitud poco habitual dentro del formato del programa. Su silencio sorprendi\u00f3 tanto a la producci\u00f3n como a los televidentes.<\/p>\n<p data-start=\"757\" data-end=\"876\">Por su parte, <strong data-start=\"771\" data-end=\"787\">Luis Ventura<\/strong> s\u00ed se despidi\u00f3 del certamen, cerrando as\u00ed su paso por esta edici\u00f3n especial del reality.<\/p>\n<p data-start=\"878\" data-end=\"1067\">Con esta doble eliminaci\u00f3n, el repechaje contin\u00faa con menos participantes y se acerca a su definici\u00f3n, en una etapa clave para quienes a\u00fan sue\u00f1an con volver a la cocina m\u00e1s famosa del pa\u00eds.<\/p>\n<div style=\"width: 486px;\" class=\"wp-video\"><video class=\"wp-video-shortcode\" id=\"video-107023-1\" width=\"486\" height=\"270\" preload=\"metadata\" controls=\"controls\"><source type=\"video\/mp4\" src=\"http:\/\/www.cordobatimes.com\/showup\/wp-content\/uploads\/2026\/01\/ssstwitter.com_1768488578144.mp4?_=1\" \/><a href=\"http:\/\/www.cordobatimes.com\/showup\/wp-content\/uploads\/2026\/01\/ssstwitter.com_1768488578144.mp4\">http:\/\/www.cordobatimes.com\/showup\/wp-content\/uploads\/2026\/01\/ssstwitter.com_1768488578144.mp4<\/a><\/video><\/div>\n","protected":false},"excerpt":{"rendered":"<p>Luis Ventura y Esteban Mirol fueron eliminados del repechaje de MasterChef Celebrity y quedaron definitivamente fuera de la competencia. Ambos intentaban regresar al reality gastron\u00f3mico, pero no lograron convencer al jurado con sus preparaciones. La salida que m\u00e1s llam\u00f3 la atenci\u00f3n fue la de Esteban Mirol, quien tras escuchar la devoluci\u00f3n del jurado decidi\u00f3 no [&hellip;]<\/p>\n","protected":false},"author":24,"featured_media":107026,"comment_status":"closed","ping_status":"closed","sticky":false,"template":"","format":"standard","meta":{"_seopress_robots_primary_cat":"none","_seopress_titles_title":"","_seopress_titles_desc":"","_seopress_robots_index":"","footnotes":""},"categories":[2],"tags":[41298,40692,41297],"class_list":{"0":"post-107023","1":"post","2":"type-post","3":"status-publish","4":"format-standard","5":"has-post-thumbnail","7":"category-tv","8":"tag-luis-ventura-y-esteban-mirol","9":"tag-masterchef-celebrity","10":"tag-repechaje-de-masterchef-celebrity"},"_links":{"self":[{"href":"https:\/\/www.cordobatimes.com\/showup\/wp-json\/wp\/v2\/posts\/107023","targetHints":{"allow":["GET"]}}],"collection":[{"href":"https:\/\/www.cordobatimes.com\/showup\/wp-json\/wp\/v2\/posts"}],"about":[{"href":"https:\/\/www.cordobatimes.com\/showup\/wp-json\/wp\/v2\/types\/post"}],"author":[{"embeddable":true,"href":"https:\/\/www.cordobatimes.com\/showup\/wp-json\/wp\/v2\/users\/24"}],"replies":[{"embeddable":true,"href":"https:\/\/www.cordobatimes.com\/showup\/wp-json\/wp\/v2\/comments?post=107023"}],"version-history":[{"count":0,"href":"https:\/\/www.cordobatimes.com\/showup\/wp-json\/wp\/v2\/posts\/107023\/revisions"}],"wp:featuredmedia":[{"embeddable":true,"href":"https:\/\/www.cordobatimes.com\/showup\/wp-json\/wp\/v2\/media\/107026"}],"wp:attachment":[{"href":"https:\/\/www.cordobatimes.com\/showup\/wp-json\/wp\/v2\/media?parent=107023"}],"wp:term":[{"taxonomy":"category","embeddable":true,"href":"https:\/\/www.cordobatimes.com\/showup\/wp-json\/wp\/v2\/categories?post=107023"},{"taxonomy":"post_tag","embeddable":true,"href":"https:\/\/www.cordobatimes.com\/showup\/wp-json\/wp\/v2\/tags?post=107023"}],"curies":[{"name":"wp","href":"https:\/\/api.w.org\/{rel}","templated":true}]}}