{"id":106919,"date":"2026-01-13T12:47:54","date_gmt":"2026-01-13T15:47:54","guid":{"rendered":"https:\/\/www.cordobatimes.com\/showup\/?p=106919"},"modified":"2026-01-13T12:47:54","modified_gmt":"2026-01-13T15:47:54","slug":"trailer-de-one-piece-netflix-mostro-las-primeras-imagenes-de-la-temporada-2-y-confirmo-la-fecha-de-estreno","status":"publish","type":"post","link":"https:\/\/www.cordobatimes.com\/showup\/cine-y-series\/2026\/01\/13\/trailer-de-one-piece-netflix-mostro-las-primeras-imagenes-de-la-temporada-2-y-confirmo-la-fecha-de-estreno\/","title":{"rendered":"Tr\u00e1iler de One Piece: Netflix mostr\u00f3 las primeras im\u00e1genes de la temporada 2 y confirm\u00f3 la fecha de estreno"},"content":{"rendered":"<h3 data-start=\"228\" data-end=\"510\"><strong>Netflix lanz\u00f3 el primer tr\u00e1iler oficial de la segunda temporada de <em data-start=\"297\" data-end=\"308\">One Piece<\/em> y revel\u00f3 nuevas im\u00e1genes que anticipan el rumbo de la historia. La serie live action continuar\u00e1 el viaje de Monkey D. Luffy y los Sombreros de Paja tras los acontecimientos de la primera entrega.<\/strong><\/h3>\n<p data-start=\"512\" data-end=\"841\">El adelanto muestra la llegada a <strong data-start=\"545\" data-end=\"558\">Loguetown<\/strong>, la entrada a <strong data-start=\"573\" data-end=\"593\">Reverse Mountain<\/strong> y el inicio del camino hacia la <strong data-start=\"626\" data-end=\"640\">Grand Line<\/strong>, uno de los tramos m\u00e1s esperados por los fans del anime y el manga creado por <strong data-start=\"719\" data-end=\"735\">Eiichiro Oda<\/strong>. Tambi\u00e9n se pueden ver nuevos escenarios, enemigos y aliados clave que marcar\u00e1n el crecimiento del grupo.<\/p>\n<p data-start=\"843\" data-end=\"1135\">La producci\u00f3n mantiene el tono aventurero que convirti\u00f3 a la serie en uno de los mayores \u00e9xitos de Netflix en 2023, con m\u00e1s acci\u00f3n, humor y desarrollo de personajes. El elenco principal vuelve a ponerse en la piel de la tripulaci\u00f3n, mientras se suman figuras que ampliar\u00e1n el universo pirata.<\/p>\n<p data-start=\"1137\" data-end=\"1352\">Netflix confirm\u00f3 que <strong data-start=\"1158\" data-end=\"1217\">la temporada 2 de <em data-start=\"1178\" data-end=\"1189\">One Piece<\/em> se estrena el 10 de marzo<\/strong>, con nuevos episodios que profundizar\u00e1n la b\u00fasqueda del legendario tesoro y el sue\u00f1o de Luffy de convertirse en el Rey de los Piratas.<\/p>\n<div style=\"width: 696px;\" class=\"wp-video\"><video class=\"wp-video-shortcode\" id=\"video-106919-1\" width=\"696\" height=\"392\" preload=\"metadata\" controls=\"controls\"><source type=\"video\/mp4\" src=\"http:\/\/www.cordobatimes.com\/showup\/wp-content\/uploads\/2026\/01\/ssstwitter.com_1768318449265.mp4?_=1\" \/><a href=\"http:\/\/www.cordobatimes.com\/showup\/wp-content\/uploads\/2026\/01\/ssstwitter.com_1768318449265.mp4\">http:\/\/www.cordobatimes.com\/showup\/wp-content\/uploads\/2026\/01\/ssstwitter.com_1768318449265.mp4<\/a><\/video><\/div>\n","protected":false},"excerpt":{"rendered":"<p>Netflix lanz\u00f3 el primer tr\u00e1iler oficial de la segunda temporada de One Piece y revel\u00f3 nuevas im\u00e1genes que anticipan el rumbo de la historia. La serie live action continuar\u00e1 el viaje de Monkey D. Luffy y los Sombreros de Paja tras los acontecimientos de la primera entrega. El adelanto muestra la llegada a Loguetown, la [&hellip;]<\/p>\n","protected":false},"author":24,"featured_media":106923,"comment_status":"closed","ping_status":"closed","sticky":false,"template":"","format":"standard","meta":{"_seopress_robots_primary_cat":"none","_seopress_titles_title":"","_seopress_titles_desc":"","_seopress_robots_index":"","footnotes":""},"categories":[3],"tags":[41262,41260,41261],"class_list":{"0":"post-106919","1":"post","2":"type-post","3":"status-publish","4":"format-standard","5":"has-post-thumbnail","7":"category-cine-y-series","8":"tag-segunda-tempora-de-one-piece","9":"tag-trailer-de-one-piece","10":"tag-trailer-de-one-piece-segunda-temporada"},"_links":{"self":[{"href":"https:\/\/www.cordobatimes.com\/showup\/wp-json\/wp\/v2\/posts\/106919","targetHints":{"allow":["GET"]}}],"collection":[{"href":"https:\/\/www.cordobatimes.com\/showup\/wp-json\/wp\/v2\/posts"}],"about":[{"href":"https:\/\/www.cordobatimes.com\/showup\/wp-json\/wp\/v2\/types\/post"}],"author":[{"embeddable":true,"href":"https:\/\/www.cordobatimes.com\/showup\/wp-json\/wp\/v2\/users\/24"}],"replies":[{"embeddable":true,"href":"https:\/\/www.cordobatimes.com\/showup\/wp-json\/wp\/v2\/comments?post=106919"}],"version-history":[{"count":0,"href":"https:\/\/www.cordobatimes.com\/showup\/wp-json\/wp\/v2\/posts\/106919\/revisions"}],"wp:featuredmedia":[{"embeddable":true,"href":"https:\/\/www.cordobatimes.com\/showup\/wp-json\/wp\/v2\/media\/106923"}],"wp:attachment":[{"href":"https:\/\/www.cordobatimes.com\/showup\/wp-json\/wp\/v2\/media?parent=106919"}],"wp:term":[{"taxonomy":"category","embeddable":true,"href":"https:\/\/www.cordobatimes.com\/showup\/wp-json\/wp\/v2\/categories?post=106919"},{"taxonomy":"post_tag","embeddable":true,"href":"https:\/\/www.cordobatimes.com\/showup\/wp-json\/wp\/v2\/tags?post=106919"}],"curies":[{"name":"wp","href":"https:\/\/api.w.org\/{rel}","templated":true}]}}