{"id":106839,"date":"2026-01-12T09:28:21","date_gmt":"2026-01-12T12:28:21","guid":{"rendered":"https:\/\/www.cordobatimes.com\/showup\/?p=106839"},"modified":"2026-01-12T09:29:11","modified_gmt":"2026-01-12T12:29:11","slug":"la-foto-de-miley-cyrus-y-selena-gomez-en-los-golden-globes-2026-que-marco-la-noche","status":"publish","type":"post","link":"https:\/\/www.cordobatimes.com\/showup\/famosos\/2026\/01\/12\/la-foto-de-miley-cyrus-y-selena-gomez-en-los-golden-globes-2026-que-marco-la-noche\/","title":{"rendered":"La foto de Miley Cyrus y Selena G\u00f3mez en los Golden Globes 2026 que marc\u00f3 la noche"},"content":{"rendered":"<h3 data-start=\"243\" data-end=\"451\"><strong>Uno de los momentos m\u00e1s comentados de los Golden Globes 2026 fue el encuentro entre Miley Cyrus y Selena G\u00f3mez, que qued\u00f3 registrado en una foto tomada durante la ceremonia realizada en el Beverly Hilton.<\/strong><\/h3>\n<p data-start=\"453\" data-end=\"743\">La imagen muestra a ambas artistas sonrientes y relajadas, compartiendo un instante de complicidad que r\u00e1pidamente capt\u00f3 la atenci\u00f3n del p\u00fablico y de la prensa internacional. El gesto fue interpretado como una se\u00f1al de cercan\u00eda entre dos de las figuras pop m\u00e1s influyentes de su generaci\u00f3n.<\/p>\n<p data-start=\"745\" data-end=\"986\">El encuentro despert\u00f3 especial inter\u00e9s por la historia compartida entre ambas, quienes se conocen desde sus comienzos en la industria y cuya relaci\u00f3n atraves\u00f3 distintas etapas a lo largo de los a\u00f1os, entre rumores, distancias y reencuentros.<\/p>\n<p data-start=\"988\" data-end=\"1257\">En esta edici\u00f3n de los Golden Globes, tanto Miley como Selena tuvieron una presencia destacada, no solo por sus looks en la alfombra roja, sino tambi\u00e9n por el impacto simb\u00f3lico de esta imagen, que qued\u00f3 instalada como una de las postales m\u00e1s recordadas de la ceremonia.<\/p>\n<div style=\"width: 480px;\" class=\"wp-video\"><video class=\"wp-video-shortcode\" id=\"video-106839-1\" width=\"480\" height=\"852\" preload=\"metadata\" controls=\"controls\"><source type=\"video\/mp4\" src=\"http:\/\/www.cordobatimes.com\/showup\/wp-content\/uploads\/2026\/01\/ssstwitter.com_1768220611216.mp4?_=1\" \/><a href=\"http:\/\/www.cordobatimes.com\/showup\/wp-content\/uploads\/2026\/01\/ssstwitter.com_1768220611216.mp4\">http:\/\/www.cordobatimes.com\/showup\/wp-content\/uploads\/2026\/01\/ssstwitter.com_1768220611216.mp4<\/a><\/video><\/div>\n","protected":false},"excerpt":{"rendered":"<p>Uno de los momentos m\u00e1s comentados de los Golden Globes 2026 fue el encuentro entre Miley Cyrus y Selena G\u00f3mez, que qued\u00f3 registrado en una foto tomada durante la ceremonia realizada en el Beverly Hilton. La imagen muestra a ambas artistas sonrientes y relajadas, compartiendo un instante de complicidad que r\u00e1pidamente capt\u00f3 la atenci\u00f3n del [&hellip;]<\/p>\n","protected":false},"author":24,"featured_media":106842,"comment_status":"closed","ping_status":"closed","sticky":false,"template":"","format":"standard","meta":{"_seopress_robots_primary_cat":"none","_seopress_titles_title":"","_seopress_titles_desc":"","_seopress_robots_index":"","footnotes":""},"categories":[4],"tags":[41245,40816,1535,41247,41246,229],"class_list":{"0":"post-106839","1":"post","2":"type-post","3":"status-publish","4":"format-standard","5":"has-post-thumbnail","7":"category-famosos","8":"tag-foto-de-miley-cyrus-y-selena-gomez-en-los-golden-globes-2026","9":"tag-golden-globes-2026","10":"tag-miley-cyrus","11":"tag-miley-cyrus-y-selena-gomez","12":"tag-miley-cyrus-y-selena-gomez-en-los-golden-globes-2026","13":"tag-selena-gomez"},"_links":{"self":[{"href":"https:\/\/www.cordobatimes.com\/showup\/wp-json\/wp\/v2\/posts\/106839","targetHints":{"allow":["GET"]}}],"collection":[{"href":"https:\/\/www.cordobatimes.com\/showup\/wp-json\/wp\/v2\/posts"}],"about":[{"href":"https:\/\/www.cordobatimes.com\/showup\/wp-json\/wp\/v2\/types\/post"}],"author":[{"embeddable":true,"href":"https:\/\/www.cordobatimes.com\/showup\/wp-json\/wp\/v2\/users\/24"}],"replies":[{"embeddable":true,"href":"https:\/\/www.cordobatimes.com\/showup\/wp-json\/wp\/v2\/comments?post=106839"}],"version-history":[{"count":0,"href":"https:\/\/www.cordobatimes.com\/showup\/wp-json\/wp\/v2\/posts\/106839\/revisions"}],"wp:featuredmedia":[{"embeddable":true,"href":"https:\/\/www.cordobatimes.com\/showup\/wp-json\/wp\/v2\/media\/106842"}],"wp:attachment":[{"href":"https:\/\/www.cordobatimes.com\/showup\/wp-json\/wp\/v2\/media?parent=106839"}],"wp:term":[{"taxonomy":"category","embeddable":true,"href":"https:\/\/www.cordobatimes.com\/showup\/wp-json\/wp\/v2\/categories?post=106839"},{"taxonomy":"post_tag","embeddable":true,"href":"https:\/\/www.cordobatimes.com\/showup\/wp-json\/wp\/v2\/tags?post=106839"}],"curies":[{"name":"wp","href":"https:\/\/api.w.org\/{rel}","templated":true}]}}