{"id":106823,"date":"2026-01-12T08:45:37","date_gmt":"2026-01-12T11:45:37","guid":{"rendered":"https:\/\/www.cordobatimes.com\/showup\/?p=106823"},"modified":"2026-01-12T08:45:37","modified_gmt":"2026-01-12T11:45:37","slug":"los-looks-que-marcaron-tendencia-en-los-golden-globes-2026","status":"publish","type":"post","link":"https:\/\/www.cordobatimes.com\/showup\/moda-y-estilos\/2026\/01\/12\/los-looks-que-marcaron-tendencia-en-los-golden-globes-2026\/","title":{"rendered":"Los looks que marcaron tendencia en los Golden Globes 2026"},"content":{"rendered":"<h3 data-start=\"220\" data-end=\"650\"><strong>La alfombra roja de los Golden Globes 2026 volvi\u00f3 a confirmarse como uno de los escenarios m\u00e1s importantes de la moda internacional. Entre apuestas cl\u00e1sicas reinventadas, transparencias audaces y gui\u00f1os al glamour retro, las celebridades transformaron la noche en una verdadera pasarela de alta costura. El negro domin\u00f3 la escena, pero los colores joya y los dise\u00f1os con personalidad propia lograron robarse todas las miradas<\/strong>.<\/h3>\n<p data-start=\"652\" data-end=\"971\">Uno de los looks m\u00e1s comentados fue el de <strong data-start=\"694\" data-end=\"710\">Selena Gomez<\/strong>, quien eligi\u00f3 un vestido negro de <strong data-start=\"745\" data-end=\"755\">Chanel<\/strong> con detalles artesanales, plumas y flores aplicadas. Elegante y sofisticada, la actriz y cantante apost\u00f3 por un dise\u00f1o que combin\u00f3 tradici\u00f3n y modernidad, consolid\u00e1ndose como una de las mejores vestidas de la noche.<\/p>\n<p data-start=\"973\" data-end=\"1304\">Tambi\u00e9n gener\u00f3 impacto <strong data-start=\"996\" data-end=\"1029\">Lisa, integrante de Blackpink<\/strong>, con un dise\u00f1o de <strong data-start=\"1048\" data-end=\"1061\">Jacquemus<\/strong> que jug\u00f3 con transparencias, silueta ajustada y un estilismo minimalista pero provocador. El vestido negro, acompa\u00f1ado por una gargantilla plateada, se aline\u00f3 con una de las grandes tendencias de la noche: la sensualidad elegante sin excesos.<\/p>\n<p data-start=\"1306\" data-end=\"1595\">En una l\u00ednea m\u00e1s cl\u00e1sica, <strong data-start=\"1332\" data-end=\"1357\">Priyanka Chopra Jonas<\/strong> deslumbr\u00f3 con un vestido azul noche de corte estructurado y falda con volumen. El dise\u00f1o, combinado con joyas sofisticadas, reafirm\u00f3 el protagonismo de los tonos profundos y los looks atemporales que nunca fallan en este tipo de eventos.<\/p>\n<p data-start=\"1597\" data-end=\"1851\">El glamour retro tuvo su momento gracias a <strong data-start=\"1640\" data-end=\"1662\">Alicia Silverstone<\/strong>, quien apareci\u00f3 con un vestido strapless rojo intenso. El dise\u00f1o evoc\u00f3 el Hollywood de otras \u00e9pocas y se convirti\u00f3 en uno de los m\u00e1s celebrados por su impacto visual y su fuerza crom\u00e1tica.<\/p>\n<p data-start=\"1853\" data-end=\"2097\">Entre los colores destacados tambi\u00e9n se luci\u00f3 el verde esmeralda. <strong data-start=\"1919\" data-end=\"1939\">Olandria Carthen<\/strong> apost\u00f3 por un vestido sirena ajustado al cuerpo, con un collar protagonista que elev\u00f3 el look y lo convirti\u00f3 en uno de los m\u00e1s elogiados de la alfombra roja.<\/p>\n<p data-start=\"2099\" data-end=\"2368\">Por su parte, <strong data-start=\"2113\" data-end=\"2131\">Aimee Lou Wood<\/strong> opt\u00f3 por un dise\u00f1o negro asim\u00e9trico con corset y falda amplia, aportando dramatismo y una silueta imponente. El vestido fue una de las elecciones m\u00e1s teatrales de la noche, ideal para una alfombra roja que celebr\u00f3 el riesgo fashionista.<\/p>\n<p data-start=\"2370\" data-end=\"2601\">El negro volvi\u00f3 a brillar tambi\u00e9n en <strong data-start=\"2407\" data-end=\"2422\">Ayo Edebiri<\/strong>, quien llev\u00f3 un vestido off-shoulder con detalles de cristales. Sobrio, moderno y elegante, su look confirm\u00f3 que este color sigue siendo el gran aliado del glamour contempor\u00e1neo.<\/p>\n<p data-start=\"2603\" data-end=\"2840\">En contraste, <strong data-start=\"2617\" data-end=\"2632\">Zo\u00eb Kravitz<\/strong> se inclin\u00f3 por un vestido satinado en tono durazno, con delicados detalles de encaje. Su estilismo aport\u00f3 frescura y sensualidad, alej\u00e1ndose de los tonos oscuros predominantes y destac\u00e1ndose por su sutileza.<\/p>\n<p data-start=\"2842\" data-end=\"3062\">El blanco tambi\u00e9n tuvo su lugar con <strong data-start=\"2878\" data-end=\"2897\">Amanda Seyfried<\/strong>, quien eligi\u00f3 un vestido de l\u00edneas puras y accesorios brillantes discretos. El resultado fue un look et\u00e9reo y sofisticado que resalt\u00f3 la elegancia sin estridencias.<\/p>\n<p data-start=\"3064\" data-end=\"3236\">Finalmente, <strong data-start=\"3076\" data-end=\"3095\">Jennifer Garner<\/strong> sorprendi\u00f3 con un vestido negro de efecto brillante y joyas statement, logrando un equilibrio perfecto entre sobriedad y presencia esc\u00e9nica.<\/p>\n<h3 data-start=\"3238\" data-end=\"3284\"><strong>Las grandes tendencias de la alfombra roja<\/strong><\/h3>\n<p data-start=\"3286\" data-end=\"3587\">Los Golden Globes 2026 dejaron en claro algunas claves de estilo: el <strong data-start=\"3355\" data-end=\"3376\">negro reinventado<\/strong> como protagonista absoluto, las <strong data-start=\"3409\" data-end=\"3427\">transparencias<\/strong> como recurso sensual pero refinado, los <strong data-start=\"3468\" data-end=\"3484\">colores joya<\/strong> para destacar entre la multitud y los <strong data-start=\"3523\" data-end=\"3551\">accesorios protagonistas<\/strong> como elemento central de los looks.<\/p>\n<p data-start=\"3589\" data-end=\"3756\">Una noche donde la moda volvi\u00f3 a ser la gran estrella y donde cada aparici\u00f3n confirm\u00f3 que la alfombra roja sigue siendo un espacio de expresi\u00f3n, identidad y tendencia.<\/p>\n<p data-start=\"3589\" data-end=\"3756\"><img alt=\"\" loading=\"lazy\" decoding=\"async\" class=\"alignnone wp-image-106827 size-full\" src=\"http:\/\/www.cordobatimes.com\/showup\/wp-content\/uploads\/2026\/01\/Pantallazo-12-01-2026-08.34.20.jpg\" alt=\"\" width=\"593\" height=\"617\" srcset=\"https:\/\/www.cordobatimes.com\/showup\/wp-content\/uploads\/2026\/01\/Pantallazo-12-01-2026-08.34.20.jpg 593w, https:\/\/www.cordobatimes.com\/showup\/wp-content\/uploads\/2026\/01\/Pantallazo-12-01-2026-08.34.20-404x420.jpg 404w, https:\/\/www.cordobatimes.com\/showup\/wp-content\/uploads\/2026\/01\/Pantallazo-12-01-2026-08.34.20-150x156.jpg 150w, https:\/\/www.cordobatimes.com\/showup\/wp-content\/uploads\/2026\/01\/Pantallazo-12-01-2026-08.34.20-300x312.jpg 300w\" sizes=\"auto, (max-width: 593px) 100vw, 593px\" \/><\/p>\n<p data-start=\"3589\" data-end=\"3756\"><img alt=\"\" loading=\"lazy\" decoding=\"async\" class=\"alignnone wp-image-106829 size-full\" src=\"http:\/\/www.cordobatimes.com\/showup\/wp-content\/uploads\/2026\/01\/Golden-Globes-Red-Carpet-Arrivals-011126-0eba89a06a2b41c782f770b1b3060131.jpg\" alt=\"\" width=\"1500\" height=\"1000\" srcset=\"https:\/\/www.cordobatimes.com\/showup\/wp-content\/uploads\/2026\/01\/Golden-Globes-Red-Carpet-Arrivals-011126-0eba89a06a2b41c782f770b1b3060131.jpg 1500w, https:\/\/www.cordobatimes.com\/showup\/wp-content\/uploads\/2026\/01\/Golden-Globes-Red-Carpet-Arrivals-011126-0eba89a06a2b41c782f770b1b3060131-630x420.jpg 630w, https:\/\/www.cordobatimes.com\/showup\/wp-content\/uploads\/2026\/01\/Golden-Globes-Red-Carpet-Arrivals-011126-0eba89a06a2b41c782f770b1b3060131-1024x683.jpg 1024w, https:\/\/www.cordobatimes.com\/showup\/wp-content\/uploads\/2026\/01\/Golden-Globes-Red-Carpet-Arrivals-011126-0eba89a06a2b41c782f770b1b3060131-768x512.jpg 768w, https:\/\/www.cordobatimes.com\/showup\/wp-content\/uploads\/2026\/01\/Golden-Globes-Red-Carpet-Arrivals-011126-0eba89a06a2b41c782f770b1b3060131-150x100.jpg 150w, https:\/\/www.cordobatimes.com\/showup\/wp-content\/uploads\/2026\/01\/Golden-Globes-Red-Carpet-Arrivals-011126-0eba89a06a2b41c782f770b1b3060131-300x200.jpg 300w, https:\/\/www.cordobatimes.com\/showup\/wp-content\/uploads\/2026\/01\/Golden-Globes-Red-Carpet-Arrivals-011126-0eba89a06a2b41c782f770b1b3060131-696x464.jpg 696w, https:\/\/www.cordobatimes.com\/showup\/wp-content\/uploads\/2026\/01\/Golden-Globes-Red-Carpet-Arrivals-011126-0eba89a06a2b41c782f770b1b3060131-1068x712.jpg 1068w\" sizes=\"auto, (max-width: 1500px) 100vw, 1500px\" \/> <img alt=\"\" loading=\"lazy\" decoding=\"async\" class=\"alignnone wp-image-106830 size-full\" src=\"http:\/\/www.cordobatimes.com\/showup\/wp-content\/uploads\/2026\/01\/b3d317da-f610-40f5-bd1c-cd6f6f4bfb40_1768173164.jpg\" alt=\"\" width=\"634\" height=\"1024\" srcset=\"https:\/\/www.cordobatimes.com\/showup\/wp-content\/uploads\/2026\/01\/b3d317da-f610-40f5-bd1c-cd6f6f4bfb40_1768173164.jpg 634w, https:\/\/www.cordobatimes.com\/showup\/wp-content\/uploads\/2026\/01\/b3d317da-f610-40f5-bd1c-cd6f6f4bfb40_1768173164-260x420.jpg 260w, https:\/\/www.cordobatimes.com\/showup\/wp-content\/uploads\/2026\/01\/b3d317da-f610-40f5-bd1c-cd6f6f4bfb40_1768173164-150x242.jpg 150w, https:\/\/www.cordobatimes.com\/showup\/wp-content\/uploads\/2026\/01\/b3d317da-f610-40f5-bd1c-cd6f6f4bfb40_1768173164-300x485.jpg 300w\" sizes=\"auto, (max-width: 634px) 100vw, 634px\" \/> <img alt=\"\" loading=\"lazy\" decoding=\"async\" class=\"alignnone wp-image-106831 size-full\" src=\"http:\/\/www.cordobatimes.com\/showup\/wp-content\/uploads\/2026\/01\/descarga-6.jpg\" alt=\"\" width=\"512\" height=\"512\" srcset=\"https:\/\/www.cordobatimes.com\/showup\/wp-content\/uploads\/2026\/01\/descarga-6.jpg 512w, https:\/\/www.cordobatimes.com\/showup\/wp-content\/uploads\/2026\/01\/descarga-6-420x420.jpg 420w, https:\/\/www.cordobatimes.com\/showup\/wp-content\/uploads\/2026\/01\/descarga-6-150x150.jpg 150w, https:\/\/www.cordobatimes.com\/showup\/wp-content\/uploads\/2026\/01\/descarga-6-300x300.jpg 300w\" sizes=\"auto, (max-width: 512px) 100vw, 512px\" \/> <img alt=\"\" loading=\"lazy\" decoding=\"async\" class=\"alignnone wp-image-106832 size-full\" src=\"http:\/\/www.cordobatimes.com\/showup\/wp-content\/uploads\/2026\/01\/6TkpSCoZ36nFxWzNCsvhaf.jpg\" alt=\"\" width=\"1920\" height=\"1080\" srcset=\"https:\/\/www.cordobatimes.com\/showup\/wp-content\/uploads\/2026\/01\/6TkpSCoZ36nFxWzNCsvhaf.jpg 1920w, https:\/\/www.cordobatimes.com\/showup\/wp-content\/uploads\/2026\/01\/6TkpSCoZ36nFxWzNCsvhaf-747x420.jpg 747w, https:\/\/www.cordobatimes.com\/showup\/wp-content\/uploads\/2026\/01\/6TkpSCoZ36nFxWzNCsvhaf-1024x576.jpg 1024w, https:\/\/www.cordobatimes.com\/showup\/wp-content\/uploads\/2026\/01\/6TkpSCoZ36nFxWzNCsvhaf-768x432.jpg 768w, https:\/\/www.cordobatimes.com\/showup\/wp-content\/uploads\/2026\/01\/6TkpSCoZ36nFxWzNCsvhaf-1536x864.jpg 1536w, https:\/\/www.cordobatimes.com\/showup\/wp-content\/uploads\/2026\/01\/6TkpSCoZ36nFxWzNCsvhaf-150x84.jpg 150w, https:\/\/www.cordobatimes.com\/showup\/wp-content\/uploads\/2026\/01\/6TkpSCoZ36nFxWzNCsvhaf-300x169.jpg 300w, https:\/\/www.cordobatimes.com\/showup\/wp-content\/uploads\/2026\/01\/6TkpSCoZ36nFxWzNCsvhaf-696x392.jpg 696w, https:\/\/www.cordobatimes.com\/showup\/wp-content\/uploads\/2026\/01\/6TkpSCoZ36nFxWzNCsvhaf-1068x601.jpg 1068w\" sizes=\"auto, (max-width: 1920px) 100vw, 1920px\" \/><\/p>\n","protected":false},"excerpt":{"rendered":"<p>La alfombra roja de los Golden Globes 2026 volvi\u00f3 a confirmarse como uno de los escenarios m\u00e1s importantes de la moda internacional. Entre apuestas cl\u00e1sicas reinventadas, transparencias audaces y gui\u00f1os al glamour retro, las celebridades transformaron la noche en una verdadera pasarela de alta costura. El negro domin\u00f3 la escena, pero los colores joya y [&hellip;]<\/p>\n","protected":false},"author":24,"featured_media":106826,"comment_status":"closed","ping_status":"closed","sticky":false,"template":"","format":"standard","meta":{"_seopress_robots_primary_cat":"none","_seopress_titles_title":"","_seopress_titles_desc":"","_seopress_robots_index":"","footnotes":""},"categories":[228],"tags":[41242,41241],"class_list":{"0":"post-106823","1":"post","2":"type-post","3":"status-publish","4":"format-standard","5":"has-post-thumbnail","7":"category-moda-y-estilos","8":"tag-looks-de-los-golden-globes-2026","9":"tag-los-golden-globes-2026"},"_links":{"self":[{"href":"https:\/\/www.cordobatimes.com\/showup\/wp-json\/wp\/v2\/posts\/106823","targetHints":{"allow":["GET"]}}],"collection":[{"href":"https:\/\/www.cordobatimes.com\/showup\/wp-json\/wp\/v2\/posts"}],"about":[{"href":"https:\/\/www.cordobatimes.com\/showup\/wp-json\/wp\/v2\/types\/post"}],"author":[{"embeddable":true,"href":"https:\/\/www.cordobatimes.com\/showup\/wp-json\/wp\/v2\/users\/24"}],"replies":[{"embeddable":true,"href":"https:\/\/www.cordobatimes.com\/showup\/wp-json\/wp\/v2\/comments?post=106823"}],"version-history":[{"count":0,"href":"https:\/\/www.cordobatimes.com\/showup\/wp-json\/wp\/v2\/posts\/106823\/revisions"}],"wp:featuredmedia":[{"embeddable":true,"href":"https:\/\/www.cordobatimes.com\/showup\/wp-json\/wp\/v2\/media\/106826"}],"wp:attachment":[{"href":"https:\/\/www.cordobatimes.com\/showup\/wp-json\/wp\/v2\/media?parent=106823"}],"wp:term":[{"taxonomy":"category","embeddable":true,"href":"https:\/\/www.cordobatimes.com\/showup\/wp-json\/wp\/v2\/categories?post=106823"},{"taxonomy":"post_tag","embeddable":true,"href":"https:\/\/www.cordobatimes.com\/showup\/wp-json\/wp\/v2\/tags?post=106823"}],"curies":[{"name":"wp","href":"https:\/\/api.w.org\/{rel}","templated":true}]}}